{"id":362166,"date":"2016-02-29T12:31:51","date_gmt":"2016-02-29T18:31:51","guid":{"rendered":"http:\/\/futboltotal.com.mx\/?p=362166"},"modified":"2016-02-29T12:31:51","modified_gmt":"2016-02-29T18:31:51","slug":"la-razon-la-juventus-vendera-a-morata","status":"publish","type":"post","link":"http:\/\/desarrollo.grupomedios.com\/futbol\/futbol-internacional\/la-razon-la-juventus-vendera-a-morata\/2016\/02","title":{"rendered":"La raz\u00f3n por la que Juventus no vender\u00e1 a Morata"},"content":{"rendered":"<p style=\"text-align: left;\"><em>Football Leaks<\/em> public\u00f3 el contrato de la transferencia de <strong>\u00c1lvaro Morata<\/strong> del <strong>Real Madrid<\/strong> a la <strong>Juventus<\/strong> por 20 millones de euros.<\/p>\n<p style=\"text-align: center;\"><span style=\"color: #3366ff;\"><strong><a style=\"color: #3366ff;\" href=\"http:\/\/futboltotal.com.mx\/2016\/02\/lo-que-luis-suarez-envidia-de-messi-y-neymar\/\">LEER M\u00c1S: Lo que Luis Su\u00e1rez envidia de Messi y Neymar.<\/a><\/strong><\/span><\/p>\n<p>La filtraci\u00f3n de datos tambi\u00e9n desvela las condiciones de recompra que tiene el Real Madrid sobre el delantero en julio de 2016 y 2017. Si el Real Madrid quiere recomprar a Morata deber\u00e1 pagar 30 millones de euros si esa temporada ha jugado m\u00e1s del 50% de los partidos oficiales con Juventus. La cifra var\u00eda en funci\u00f3n de los encuentros que haya jugado Morata (25-50% de los partidos: 25 millones, menos del 25% de los partidos: 20 millones).<\/p>\n<p>La cl\u00e1usula de rescisi\u00f3n de Morata con la Juve asciende a 80 millones de euros. Adem\u00e1s, si la Juve decide traspasar a Morata antes del 16 de julio de 2017 deber\u00e1 indemnizar al Real Madrid con 80 millones de euros.<\/p>\n<p style=\"text-align: center;\"><strong><span style=\"color: #3366ff;\"><a style=\"color: #3366ff;\" href=\"http:\/\/futboltotal.com.mx\/2016\/02\/riyad-mahrez-del-leicester-a-madrid-o-barcelona\/\">LEER M\u00c1S: Mahrez de Leicester, a Madrid o Barcelona.<\/a><\/span><\/strong><\/p>\n","protected":false},"excerpt":{"rendered":"<p>Real Madrid puso una cl\u00e1usula incre\u00edble para su canterano <\/p>\n","protected":false},"author":20,"featured_media":362179,"comment_status":"closed","ping_status":"closed","sticky":false,"template":"","format":"standard","meta":[],"categories":[3839,3848,5951],"tags":[3001,6224,5999,5988],"_links":{"self":[{"href":"http:\/\/desarrollo.grupomedios.com\/futbol\/wp-json\/wp\/v2\/posts\/362166"}],"collection":[{"href":"http:\/\/desarrollo.grupomedios.com\/futbol\/wp-json\/wp\/v2\/posts"}],"about":[{"href":"http:\/\/desarrollo.grupomedios.com\/futbol\/wp-json\/wp\/v2\/types\/post"}],"author":[{"embeddable":true,"href":"http:\/\/desarrollo.grupomedios.com\/futbol\/wp-json\/wp\/v2\/users\/20"}],"replies":[{"embeddable":true,"href":"http:\/\/desarrollo.grupomedios.com\/futbol\/wp-json\/wp\/v2\/comments?post=362166"}],"version-history":[{"count":0,"href":"http:\/\/desarrollo.grupomedios.com\/futbol\/wp-json\/wp\/v2\/posts\/362166\/revisions"}],"wp:featuredmedia":[{"embeddable":true,"href":"http:\/\/desarrollo.grupomedios.com\/futbol\/wp-json\/wp\/v2\/media\/362179"}],"wp:attachment":[{"href":"http:\/\/desarrollo.grupomedios.com\/futbol\/wp-json\/wp\/v2\/media?parent=362166"}],"wp:term":[{"taxonomy":"category","embeddable":true,"href":"http:\/\/desarrollo.grupomedios.com\/futbol\/wp-json\/wp\/v2\/categories?post=362166"},{"taxonomy":"post_tag","embeddable":true,"href":"http:\/\/desarrollo.grupomedios.com\/futbol\/wp-json\/wp\/v2\/tags?post=362166"}],"curies":[{"name":"wp","href":"https:\/\/api.w.org\/{rel}","templated":true}]}}