{"id":362168,"date":"2016-02-29T12:32:40","date_gmt":"2016-02-29T18:32:40","guid":{"rendered":"http:\/\/futboltotal.com.mx\/?p=362168"},"modified":"2016-02-29T14:06:17","modified_gmt":"2016-02-29T20:06:17","slug":"cuauhtemoc-blanco-te-quiero-eres-un-fenomeno-leo-beenhakker","status":"publish","type":"post","link":"http:\/\/desarrollo.grupomedios.com\/futbol\/futbol-mexicano\/cuauhtemoc-blanco-te-quiero-eres-un-fenomeno-leo-beenhakker\/2016\/02","title":{"rendered":"&#8220;Cuauht\u00e9moc Blanco, eres un fen\u00f3meno&#8221;: Leo Beenhakker"},"content":{"rendered":"<p>El entrenador holand\u00e9s, <strong>Leo Beenhakker<\/strong>, se deshizo en elogios hacia <strong>Cuauht\u00e9moc Blanco<\/strong> en una entrevista televisiva, donde revel\u00f3 que para \u00e9l; el <em>Temo<\/em> est\u00e1 entre los mejores cinco futbolistas que ha dirigido en su carrera, e incluso lo sit\u00faa al lado de figuras internacionales de la <em>Naranja Mec\u00e1nic<\/em>a y del Real Madrid.<\/p>\n<p>Dentro de la semana m\u00e1s importante para <strong>Cuauht\u00e9moc Blanco<\/strong> en el a\u00f1o, en el aspecto futbol\u00edstico; <strong>Leo Beenhakker<\/strong> no pudo ocultar el asombro que le caus\u00f3 haberlo visto desde sus inicios y por eso lo compara con figuras como Ruud Gullit y Emilio Butrague\u00f1o, quienes brillaron en Europa.<\/p>\n<p>&#8220;Ha tenido una carrera fenomenal desde que lo debut\u00e9 en 1994. Desde que lo vi por primera vez en las inferiores del <strong><a href=\"http:\/\/www.futboltotal.com.mx\/equipos\/america\/\" target=\"_blank\">Am\u00e9rica<\/a><\/strong> me gust\u00f3 su talento y su forma de jugar para llevarlo al primer equipo. Est\u00e1 dentro de los cinco mejores jugadores con los que me ha tocado trabajar como Ruud Gullit, Michel y Emilio Butrague\u00f1o, y otros del Real Madrid&#8221;, explic\u00f3 <strong>Leo Beenhakker<\/strong> para la cadena <em>Fox Sports<\/em>.<\/p>\n<p>Tanta fue la impresi\u00f3n que le dej\u00f3 <strong>Cuauht\u00e9moc Blanco<\/strong> a <strong>Leo Beenhakker<\/strong>, que el estratega le mantiene un aprecio grande, por su forma de ser y su talento deportivo.<\/p>\n<p style=\"text-align: center;\"><span style=\"color: #3366ff;\"><strong><a style=\"color: #3366ff;\" href=\"http:\/\/futboltotal.com.mx\/2016\/02\/el-quinto-retiro-de-cuauhtemoc-blanco\/\" target=\"_blank\">LEER M\u00c1S: Cuauht\u00e9moc Blanco va por su quinto retiro<\/a><\/strong><\/span><\/p>\n<p>&#8220;En el futbol mexicano ha sido un hombre muy importante. <strong>Cuauht\u00e9moc Blanco<\/strong>, te quiero no solo como jugador, sino tambi\u00e9n como persona, eres un fen\u00f3meno, ha sido un gran placer trabajar contigo, agradezco a la vida&#8221;, concluy\u00f3 el otrora t\u00e9cnico del Ajax, Real Madrid, Holanda, Arabia Saudita y Trinidad y Tobago.<\/p>\n<p><span style=\"color: #ff0000;\"><strong>VIDEO<\/strong>: Mejores goles de la <strong>jornada\u00a08<\/strong>\u00a0del\u00a0<strong>Clausura del 2016<\/strong>:<\/span><\/p>\n<p>[video_player]https:\/\/player.vimeo.com\/external\/157156122.hd.mp4?s=73568b44719b85ca3ff884dab34e2d55e8cca450&amp;profile_id=113[\/video_player]<\/p>\n","protected":false},"excerpt":{"rendered":"<p>El estratega se deshace en elogios previo al homenaje del Temo<\/p>\n","protected":false},"author":20,"featured_media":362178,"comment_status":"closed","ping_status":"closed","sticky":false,"template":"","format":"standard","meta":[],"categories":[2198,3845,5950],"tags":[998,1522],"_links":{"self":[{"href":"http:\/\/desarrollo.grupomedios.com\/futbol\/wp-json\/wp\/v2\/posts\/362168"}],"collection":[{"href":"http:\/\/desarrollo.grupomedios.com\/futbol\/wp-json\/wp\/v2\/posts"}],"about":[{"href":"http:\/\/desarrollo.grupomedios.com\/futbol\/wp-json\/wp\/v2\/types\/post"}],"author":[{"embeddable":true,"href":"http:\/\/desarrollo.grupomedios.com\/futbol\/wp-json\/wp\/v2\/users\/20"}],"replies":[{"embeddable":true,"href":"http:\/\/desarrollo.grupomedios.com\/futbol\/wp-json\/wp\/v2\/comments?post=362168"}],"version-history":[{"count":0,"href":"http:\/\/desarrollo.grupomedios.com\/futbol\/wp-json\/wp\/v2\/posts\/362168\/revisions"}],"wp:featuredmedia":[{"embeddable":true,"href":"http:\/\/desarrollo.grupomedios.com\/futbol\/wp-json\/wp\/v2\/media\/362178"}],"wp:attachment":[{"href":"http:\/\/desarrollo.grupomedios.com\/futbol\/wp-json\/wp\/v2\/media?parent=362168"}],"wp:term":[{"taxonomy":"category","embeddable":true,"href":"http:\/\/desarrollo.grupomedios.com\/futbol\/wp-json\/wp\/v2\/categories?post=362168"},{"taxonomy":"post_tag","embeddable":true,"href":"http:\/\/desarrollo.grupomedios.com\/futbol\/wp-json\/wp\/v2\/tags?post=362168"}],"curies":[{"name":"wp","href":"https:\/\/api.w.org\/{rel}","templated":true}]}}