{"id":362254,"date":"2016-02-29T15:45:38","date_gmt":"2016-02-29T21:45:38","guid":{"rendered":"http:\/\/futboltotal.com.mx\/?p=362254"},"modified":"2016-02-29T15:45:38","modified_gmt":"2016-02-29T21:45:38","slug":"marco-reus-impone-la-moda-en-el-borussia-dortmund","status":"publish","type":"post","link":"http:\/\/desarrollo.grupomedios.com\/futbol\/videos\/marco-reus-impone-la-moda-en-el-borussia-dortmund\/2016\/02","title":{"rendered":"Marco Reus impone la moda en el Borussia Dortmund"},"content":{"rendered":"<p>Todo es felicidad para el <strong>Borussia Dortmund<\/strong>. Pese a no acercarse al Bayern Munich en la disputa por el liderato de la Bundesliga, los dirigidos por Thomas Tuchel juegan bien y se divierten, eso los hace favoritos para pelear hasta el final en los otros dos torneo en los que se mantienen con vida, la DFB Pokal y la Europa League.<\/p>\n<p>Gran culpa del rendimiento asombroso del equipo es la buena relaci\u00f3n de toda la plantilla, misma que se manifiesta con una moda impuesta por <strong>Marco Reus<\/strong>: la de los saludos peculiares.<\/p>\n<p>Ya no solo es <strong>Reus<\/strong> el que los practica, ya es com\u00fan ver partido a partido la alegr\u00eda por las victorias con choques de mano \u00fanicos.<\/p>\n<p><iframe loading=\"lazy\" src=\"https:\/\/www.youtube.com\/embed\/GMoabxvnANE\" frameborder=\"0\" allowfullscreen=\"allowfullscreen\"><\/iframe><\/p>\n<p style=\"text-align: center;\"><span style=\"color: #3366ff;\"><strong><a style=\"color: #3366ff;\" href=\"http:\/\/futboltotal.com.mx\/2016\/02\/regresan-los-buenos-tiempos-vuelven-comerciales-de-pepsi\/\">LEER M\u00c1S: Regresan los buenos tiempos&#8230;\u00a1vuelven los comerciales de Pepsi!<\/a><\/strong><\/span><\/p>\n","protected":false},"excerpt":{"rendered":"<p>El internacional alem\u00e1n contin\u00faa con sus peculiares saludos <\/p>\n","protected":false},"author":20,"featured_media":362258,"comment_status":"closed","ping_status":"closed","sticky":false,"template":"","format":"standard","meta":[],"categories":[3839,6822,4],"tags":[6047,119,6095],"_links":{"self":[{"href":"http:\/\/desarrollo.grupomedios.com\/futbol\/wp-json\/wp\/v2\/posts\/362254"}],"collection":[{"href":"http:\/\/desarrollo.grupomedios.com\/futbol\/wp-json\/wp\/v2\/posts"}],"about":[{"href":"http:\/\/desarrollo.grupomedios.com\/futbol\/wp-json\/wp\/v2\/types\/post"}],"author":[{"embeddable":true,"href":"http:\/\/desarrollo.grupomedios.com\/futbol\/wp-json\/wp\/v2\/users\/20"}],"replies":[{"embeddable":true,"href":"http:\/\/desarrollo.grupomedios.com\/futbol\/wp-json\/wp\/v2\/comments?post=362254"}],"version-history":[{"count":0,"href":"http:\/\/desarrollo.grupomedios.com\/futbol\/wp-json\/wp\/v2\/posts\/362254\/revisions"}],"wp:featuredmedia":[{"embeddable":true,"href":"http:\/\/desarrollo.grupomedios.com\/futbol\/wp-json\/wp\/v2\/media\/362258"}],"wp:attachment":[{"href":"http:\/\/desarrollo.grupomedios.com\/futbol\/wp-json\/wp\/v2\/media?parent=362254"}],"wp:term":[{"taxonomy":"category","embeddable":true,"href":"http:\/\/desarrollo.grupomedios.com\/futbol\/wp-json\/wp\/v2\/categories?post=362254"},{"taxonomy":"post_tag","embeddable":true,"href":"http:\/\/desarrollo.grupomedios.com\/futbol\/wp-json\/wp\/v2\/tags?post=362254"}],"curies":[{"name":"wp","href":"https:\/\/api.w.org\/{rel}","templated":true}]}}