{"id":362271,"date":"2016-02-29T16:25:29","date_gmt":"2016-02-29T22:25:29","guid":{"rendered":"http:\/\/futboltotal.com.mx\/?p=362271"},"modified":"2016-02-29T18:08:12","modified_gmt":"2016-03-01T00:08:12","slug":"raul-gudino-sufre-contra-benfica","status":"publish","type":"post","link":"http:\/\/desarrollo.grupomedios.com\/futbol\/futbol-internacional\/raul-gudino-sufre-contra-benfica\/2016\/02","title":{"rendered":"Ra\u00fal Gudi\u00f1o la pasa mal ante el Benfica"},"content":{"rendered":"<p>En partido pendiente de la jornada 24 de la Primeira Liga de Portugal, <strong>Benfica<\/strong> se enfrent\u00f3 al <strong>Uniao da Madeira<\/strong>, al que venci\u00f3 2-0 y en donde participaron los dos mexicanos, <strong>Ra\u00fal Jim\u00e9nez<\/strong> y <strong>Ra\u00fal Gudi\u00f1<\/strong>o. El atacante jug\u00f3 la recta final del encuentro, mientras que el cancerbero fue titular y particip\u00f3 los 90 minutos.<\/p>\n<p>Apenas en el inicio del cotejo, <strong>Ra\u00fal Gudi\u00f1o<\/strong> ya sufr\u00eda ante <strong>Benfica<\/strong>, pues un disparo de volea de Jonas, dejo al cancerbero inm\u00f3vil e incapaz de detener el 1-0 al minuto 5; sin embargo, el portero mexicano se repuso y realiz\u00f3 varias atajadas, en las que dej\u00f3 con ganas de festejar un grito de gol a Talisca, Kostas Mitroglou y Pizzi.<\/p>\n<p style=\"text-align: center;\"><span style=\"color: #3366ff;\"><strong><a style=\"color: #3366ff;\" href=\"http:\/\/futboltotal.com.mx\/2016\/02\/posponen-encuentro-del-benfica-de-raul-jimenez\/\" target=\"_blank\">LEER M\u00c1S: Benfica vs. Uniao da Madeira, reprogramado por mal clima<\/a><\/strong><\/span><\/p>\n<p>La actuaci\u00f3n de <strong>Ra\u00fal Gudi\u00f1o<\/strong> evitaba que el <strong>Uniao da Madeira<\/strong> tuviera una ca\u00edda estrepitosa, pero Jonas volver\u00eda a aparecerse frente al cancerbero, para hacerle su segunda anotaci\u00f3n, al minuto 74&#8242;. Con el doblete del brasile\u00f1o, Benfica asegur\u00f3 la victoria.<\/p>\n<p>A <strong>Uniao da Madeira<\/strong> no le convino haber aplazado el juego un d\u00eda, pues el resultado en el estadio da Luz, termin\u00f3 por ser adverso. El delantero mexicano, <strong>Ra\u00fal Jim\u00e9nez<\/strong>, ingres\u00f3 al 82&#8242; por Kostas Mitroglou, pero no logr\u00f3 hacer mucho para incrementar la ventaja.<\/p>\n<p><span style=\"color: #ff0000;\"><strong>VIDEO:<\/strong> Las 10 cosas que quer\u00edas saber sobre\u2026\u00a0Andr\u00e9s Guardado<\/span><\/p>\n<p>[video_player]https:\/\/player.vimeo.com\/external\/156587415.hd.mp4?s=1cadc7684426623d0e830b83c7e52b14b5db92c4&amp;profile_id=113[\/video_player]<\/p>\n","protected":false},"excerpt":{"rendered":"<p>Jonas arruin\u00f3 la noche del cancerbero mexicano, quien evit\u00f3 el gol al menos en tres ocasiones<\/p>\n","protected":false},"author":20,"featured_media":362275,"comment_status":"closed","ping_status":"closed","sticky":false,"template":"","format":"standard","meta":[],"categories":[3839,5951],"tags":[6060,4596,742,6787],"_links":{"self":[{"href":"http:\/\/desarrollo.grupomedios.com\/futbol\/wp-json\/wp\/v2\/posts\/362271"}],"collection":[{"href":"http:\/\/desarrollo.grupomedios.com\/futbol\/wp-json\/wp\/v2\/posts"}],"about":[{"href":"http:\/\/desarrollo.grupomedios.com\/futbol\/wp-json\/wp\/v2\/types\/post"}],"author":[{"embeddable":true,"href":"http:\/\/desarrollo.grupomedios.com\/futbol\/wp-json\/wp\/v2\/users\/20"}],"replies":[{"embeddable":true,"href":"http:\/\/desarrollo.grupomedios.com\/futbol\/wp-json\/wp\/v2\/comments?post=362271"}],"version-history":[{"count":0,"href":"http:\/\/desarrollo.grupomedios.com\/futbol\/wp-json\/wp\/v2\/posts\/362271\/revisions"}],"wp:featuredmedia":[{"embeddable":true,"href":"http:\/\/desarrollo.grupomedios.com\/futbol\/wp-json\/wp\/v2\/media\/362275"}],"wp:attachment":[{"href":"http:\/\/desarrollo.grupomedios.com\/futbol\/wp-json\/wp\/v2\/media?parent=362271"}],"wp:term":[{"taxonomy":"category","embeddable":true,"href":"http:\/\/desarrollo.grupomedios.com\/futbol\/wp-json\/wp\/v2\/categories?post=362271"},{"taxonomy":"post_tag","embeddable":true,"href":"http:\/\/desarrollo.grupomedios.com\/futbol\/wp-json\/wp\/v2\/tags?post=362271"}],"curies":[{"name":"wp","href":"https:\/\/api.w.org\/{rel}","templated":true}]}}