{"id":362424,"date":"2016-03-01T08:55:41","date_gmt":"2016-03-01T14:55:41","guid":{"rendered":"http:\/\/futboltotal.com.mx\/?p=362424"},"modified":"2016-03-01T09:26:37","modified_gmt":"2016-03-01T15:26:37","slug":"antonio-conte-sera-nuevo-tecnico-del-chelsea","status":"publish","type":"post","link":"http:\/\/desarrollo.grupomedios.com\/futbol\/futbol-internacional\/antonio-conte-sera-nuevo-tecnico-del-chelsea\/2016\/03","title":{"rendered":"Antonio Conte ser\u00e1 nuevo t\u00e9cnico del Chelsea"},"content":{"rendered":"<p>El <strong>Chelsea<\/strong> cambiar\u00e1 de director t\u00e9cnico para la pr\u00f3xima temporada. El holand\u00e9s Guss Hiddink dejar\u00e1 el cargo que ocup\u00f3 tras relevar de manera interina a <strong>Jos\u00e9 Mourinho<\/strong> y quien ocupar\u00e1 el cargo ser\u00e1 el italiano <strong>Antonio Conte<\/strong>.<\/p>\n<p>Hace un par de semanas, la prensa inglesa revel\u00f3 que la directiva del club hab\u00eda elegido al actual seleccionador de Italia para relevar a Hiddink, cuyo contrato expira el pr\u00f3ximo mes de junio. Y lo \u00fanico que restaba era que el propietario del club Roman Abramovich diera el &#8220;s\u00ed&#8221; definitivo para iniciar con la negociaci\u00f3n.<\/p>\n<p style=\"text-align: center;\"><span style=\"color: #3366ff;\"><strong><a style=\"color: #3366ff;\" href=\"http:\/\/futboltotal.com.mx\/futbol-internacional\/\">LEER M\u00c1S: Todas las noticias de la Premier League<\/a><\/strong><\/span><\/p>\n<p>Este martes, el diario <em>Daily Mail<\/em> revela que desde hace unas semanas los agentes de Conte definieron los detalles del contrato y todo ha quedado listo para que el estratega se reuna con Abramovich, quien viajar\u00e1 especialmente a Montecarlo antes del pr\u00f3ximo 24 de marzo para cerrar el acuerdo.<\/p>\n<p>Conte, que ha comenzado a tomar clases de ingl\u00e9s para poder dirigir al Chelsea, tendr\u00e1 un contrato por tres temporadas y asumir\u00e1 el cargo a partir del pr\u00f3ximo 1 de julio, despu\u00e9s de haber concluido su contrato con la selecci\u00f3n de Italia, con la cual participar\u00e1 en la Eurocopa Francia 2016.<\/p>\n<p style=\"text-align: center;\"><span style=\"color: #3366ff;\"><strong><a style=\"color: #3366ff;\" href=\"http:\/\/futboltotal.com.mx\/futbol-internacional\/\">LEER M\u00c1S: Todas las noticias de futbol internacional<\/a><\/strong><\/span><\/p>\n","protected":false},"excerpt":{"rendered":"<p>El estratega firmar por tres a\u00f1os y asumir\u00e1 el cargo tras la Euro 2016<\/p>\n","protected":false},"author":20,"featured_media":362431,"comment_status":"closed","ping_status":"closed","sticky":false,"template":"","format":"standard","meta":[],"categories":[3839,3846],"tags":[2354,5981],"_links":{"self":[{"href":"http:\/\/desarrollo.grupomedios.com\/futbol\/wp-json\/wp\/v2\/posts\/362424"}],"collection":[{"href":"http:\/\/desarrollo.grupomedios.com\/futbol\/wp-json\/wp\/v2\/posts"}],"about":[{"href":"http:\/\/desarrollo.grupomedios.com\/futbol\/wp-json\/wp\/v2\/types\/post"}],"author":[{"embeddable":true,"href":"http:\/\/desarrollo.grupomedios.com\/futbol\/wp-json\/wp\/v2\/users\/20"}],"replies":[{"embeddable":true,"href":"http:\/\/desarrollo.grupomedios.com\/futbol\/wp-json\/wp\/v2\/comments?post=362424"}],"version-history":[{"count":0,"href":"http:\/\/desarrollo.grupomedios.com\/futbol\/wp-json\/wp\/v2\/posts\/362424\/revisions"}],"wp:featuredmedia":[{"embeddable":true,"href":"http:\/\/desarrollo.grupomedios.com\/futbol\/wp-json\/wp\/v2\/media\/362431"}],"wp:attachment":[{"href":"http:\/\/desarrollo.grupomedios.com\/futbol\/wp-json\/wp\/v2\/media?parent=362424"}],"wp:term":[{"taxonomy":"category","embeddable":true,"href":"http:\/\/desarrollo.grupomedios.com\/futbol\/wp-json\/wp\/v2\/categories?post=362424"},{"taxonomy":"post_tag","embeddable":true,"href":"http:\/\/desarrollo.grupomedios.com\/futbol\/wp-json\/wp\/v2\/tags?post=362424"}],"curies":[{"name":"wp","href":"https:\/\/api.w.org\/{rel}","templated":true}]}}