{"id":362426,"date":"2016-03-01T09:22:53","date_gmt":"2016-03-01T15:22:53","guid":{"rendered":"http:\/\/futboltotal.com.mx\/?p=362426"},"modified":"2016-03-01T11:34:54","modified_gmt":"2016-03-01T17:34:54","slug":"la-broma-de-chaco-gimenez-a-cuauhtemoc-blanco","status":"publish","type":"post","link":"http:\/\/desarrollo.grupomedios.com\/futbol\/destacado-home\/la-broma-de-chaco-gimenez-a-cuauhtemoc-blanco\/2016\/03","title":{"rendered":"La broma de Chaco Gim\u00e9nez a Cuauht\u00e9moc Blanco"},"content":{"rendered":"<p>Con la despedida de <strong>Cuauht\u00e9moc Blanco<\/strong> a la vuelta de la esquina, son muchos los personajes que cuentan an\u00e9cdotas sobre lo vivido con el oriundo de Tlatilco. El \u00faltimo de la lista fue el\u00a0<strong>Christian<\/strong>\u00a0<strong>Gim\u00e9nez<\/strong>, quien revel\u00f3 varios momentos de su larga amistad.<\/p>\n<p>En ese sentido, el <em>Chaco<\/em> destaca una de las bromas que le jug\u00f3 al <em>Cuau<\/em> y el peso que tuvo el\u00a0<em>Temo<\/em> para que el ahora\u00a0\u00eddolo de Cruz Azul\u00a0llegara al Am\u00e9rica.<\/p>\n<p style=\"text-align: center;\"><span style=\"color: #3366ff;\"><strong><a style=\"color: #3366ff;\" href=\"http:\/\/futboltotal.com.mx\/2016\/02\/blanco-el-mas-veterano-del-clausura-2016\/\">LEER M\u00c1S: Blanco, el m\u00e1s veterano del Clausura 2016<\/a><\/strong><\/span><\/p>\n<p>&#8220;En aquel momento estaban muy de moda los polvos pica pica&#8230; Una vez sali\u00f3 a ba\u00f1arse, se puso la ropa y todos est\u00e1bamos esperando la reacci\u00f3n de \u00e9l y empez\u00f3 a rascarse porque le picaba mucho. Se tuvo que meter a ba\u00f1ar de vuelta y nosotros de mor\u00edamos de la risa con Germ\u00e1n Villa, Ricardo Rojas, Pavel Pardo, el <em>Piojo<\/em> L\u00f3pez&#8221;, recuerda con nostalgia y a\u00f1ade.<\/p>\n<p>&#8220;La verdad la pas\u00e1bamos muy bien en ese vestidor&#8221;, revel\u00f3 el <em>Chaco<\/em> en <em>Agenda Fox Sports<\/em>.<\/p>\n<p style=\"text-align: center;\"><strong><span style=\"color: #3366ff;\"><a style=\"color: #3366ff;\" href=\"http:\/\/futboltotal.com.mx\/2016\/02\/el-extrano-caso-de-chaco-gimenez\/\">LEER M\u00c1S: El extra\u00f1o caso de Chaco Gim\u00e9nez<\/a><\/span><\/strong><\/p>\n<p>Para <strong>Christian<\/strong>\u00a0<strong>Gim\u00e9nez<\/strong> el no enfrentar una vez m\u00e1s a <strong>Cuauht\u00e9moc Blanco<\/strong> es una verdadera pena y hubiera deseado que el s\u00edmbolo americanista hubiera sido homenajeado en el Cl\u00e1sico Joven.<\/p>\n<p>&#8220;Para m\u00ed es una persona muy especial en mi carrera. Cuando lleg\u00f3 a Veracruz, con lo primero que me encuentro es un furor por <strong>Cuauht\u00e9moc Blanco<\/strong>&#8220;, se\u00f1al\u00f3 sobre su primera oportunidad en M\u00e9xico. &#8220;Si bien lo conoc\u00eda por televisi\u00f3n y todo lo que se hablaba de \u00e9l, yo encontr\u00e9 una persona muy sencilla y nos hicimos muy amigos&#8221;.<\/p>\n<p style=\"text-align: center;\"><strong><a style=\"color: #3366ff;\" href=\"http:\/\/futboltotal.com.mx\/2016\/02\/cuauhtemoc-blanco-te-quiero-eres-un-fenomeno-leo-beenhakker\/\">LEER M\u00c1S: &#8220;Cuauht\u00e9moc Blanco, eres un fen\u00f3meno&#8221;: Beenhaker<\/a><\/strong><\/p>\n<p>El <em>Chaco<\/em> no olvida que <em>Cuau<\/em> fue pieza fundamental en su traspaso al Am\u00e9rica. &#8220;Voy a hacer lo posible por llevarte al Am\u00e9rica&#8221;. El 10 de Cruz Azul crey\u00f3 que eso era una simple broma pero tiempo m\u00e1s tarde se dio cuenta que era una realidad su amistad y el deseo por estar con Chaco en el Nido de Coapa.<\/p>\n<p>Cuatro meses despu\u00e9s <strong>Cuauht\u00e9moc Blanco<\/strong> le cont\u00f3 a Gim\u00e9nez. &#8220;Sabes que hable con la directiva y te quiere. La gente que est\u00e1 en estos momentos tambi\u00e9n te quiere. \u00bfTe gustar\u00eda venir al Am\u00e9rica&#8221;. A partir de ah\u00ed el v\u00ednculo se hizo m\u00e1s especial por eso cont\u00f3. &#8220;Es una persona que admiro mucho, que respeto y un amigo tambi\u00e9n&#8221;.<\/p>\n","protected":false},"excerpt":{"rendered":"<p>Un momento que reforz\u00f3 la amistad de dos enormes futbolistas <\/p>\n","protected":false},"author":20,"featured_media":362434,"comment_status":"closed","ping_status":"closed","sticky":false,"template":"","format":"standard","meta":[],"categories":[5,2198,3845],"tags":[5959,368,5962,998],"_links":{"self":[{"href":"http:\/\/desarrollo.grupomedios.com\/futbol\/wp-json\/wp\/v2\/posts\/362426"}],"collection":[{"href":"http:\/\/desarrollo.grupomedios.com\/futbol\/wp-json\/wp\/v2\/posts"}],"about":[{"href":"http:\/\/desarrollo.grupomedios.com\/futbol\/wp-json\/wp\/v2\/types\/post"}],"author":[{"embeddable":true,"href":"http:\/\/desarrollo.grupomedios.com\/futbol\/wp-json\/wp\/v2\/users\/20"}],"replies":[{"embeddable":true,"href":"http:\/\/desarrollo.grupomedios.com\/futbol\/wp-json\/wp\/v2\/comments?post=362426"}],"version-history":[{"count":0,"href":"http:\/\/desarrollo.grupomedios.com\/futbol\/wp-json\/wp\/v2\/posts\/362426\/revisions"}],"wp:featuredmedia":[{"embeddable":true,"href":"http:\/\/desarrollo.grupomedios.com\/futbol\/wp-json\/wp\/v2\/media\/362434"}],"wp:attachment":[{"href":"http:\/\/desarrollo.grupomedios.com\/futbol\/wp-json\/wp\/v2\/media?parent=362426"}],"wp:term":[{"taxonomy":"category","embeddable":true,"href":"http:\/\/desarrollo.grupomedios.com\/futbol\/wp-json\/wp\/v2\/categories?post=362426"},{"taxonomy":"post_tag","embeddable":true,"href":"http:\/\/desarrollo.grupomedios.com\/futbol\/wp-json\/wp\/v2\/tags?post=362426"}],"curies":[{"name":"wp","href":"https:\/\/api.w.org\/{rel}","templated":true}]}}