{"id":362449,"date":"2016-03-01T10:10:59","date_gmt":"2016-03-01T16:10:59","guid":{"rendered":"http:\/\/futboltotal.com.mx\/?p=362449"},"modified":"2016-03-01T10:41:02","modified_gmt":"2016-03-01T16:41:02","slug":"la-continuidad-de-zidane-con-real-madrid-asegurada","status":"publish","type":"post","link":"http:\/\/desarrollo.grupomedios.com\/futbol\/futbol-internacional\/la-continuidad-de-zidane-con-real-madrid-asegurada\/2016\/03","title":{"rendered":"Continuidad de Zidane con Real Madrid, asegurada"},"content":{"rendered":"<p>El lunes, la resaca de la derrota del <strong>Real Madrid<\/strong> ante el Atl\u00e9tico hizo que algunos medios espa\u00f1oles se\u00f1alaran que el ciclo de <strong>Zinedine Zidane<\/strong> como estratega de la plantilla no estaba asegurado y que <strong><span style=\"color: #3366ff;\"><a style=\"color: #3366ff;\" href=\"http:\/\/futboltotal.com.mx\/2016\/02\/real-madrid-le-busca-sustituto-a-zidane\/\">se ten\u00edan dos opciones sondeadas.<\/a><\/span><\/strong><\/p>\n<p>Este martes la informaci\u00f3n de la que hace eco la prensa en Espa\u00f1a es que el proyecto de Florentino P\u00e9rez le dar\u00e1 un voto de confianza a Zidane, del que se espera que pese a que su escasa experiencia como timonel, sorprenda y lleve al <strong>Real Madrid<\/strong> a los \u00e9xitos a los que est\u00e1 acostumbrada la entidad.<\/p>\n<p style=\"text-align: center;\"><span style=\"color: #3366ff;\"><strong><a style=\"color: #3366ff;\" href=\"http:\/\/futboltotal.com.mx\/2016\/03\/real-madrid-pierde-a-modric-y-recupera-a-bale\/\">LEER M\u00c1S: Real Madrid pierde a Modric pero recupera a Bale.<\/a><\/strong><\/span><\/p>\n<p>De acuerdo al Diario <em>MARCA<\/em>, &#8220;todo pasa por la continuidad de Zinedine Zidane, siempre que \u00e9l quiera, para dar la vuelta a un equipo al que ven sin hambre, ni ganas de competir m\u00e1s que en momentos puntuales&#8221;.<\/p>\n<p>Eso s\u00ed, se buscar\u00e1n alternativas para dotar al equipo de hambre de t\u00edtulos. Seg\u00fan lo publicado por el rotativo espa\u00f1ol, Florentino P\u00e9rez podr\u00eda darle una sacudida fuerte a la plantilla y entre esos cambios se mencionan la probable salida de uno de los pesos pesados de la plantilla: Cristiano Ronaldo y Sergio Ramos como los m\u00e1s llamativos, adem\u00e1s de Isco y James Rodr\u00edguez como las promesas a futuro.<\/p>\n<p>Las declaraciones de Cristiano podr\u00edan abrir la puerta a un salida, aunque quiz\u00e1s, esperar\u00e1n a que venza su contrato hasta el verano del 2018. En el caso de Sergio Ramos, como capit\u00e1n del equipo es poco probable su salida, m\u00e1s si se toma en cuenta que acaba de ser renovado y se libr\u00f3 una tremenda batalla para evitar su salida del seno <em>merengue<\/em>.<\/p>\n<p style=\"text-align: center;\"><strong><span style=\"color: #3366ff;\"><a style=\"color: #3366ff;\" href=\"http:\/\/futboltotal.com.mx\/2016\/03\/el-gol-de-carlos-vela-que-enamoro-a-simeone\/\">LEER M\u00c1S: El gol de Carlos Vela que enamor\u00f3 a Simeone.\u00a0<\/a><\/span><\/strong><\/p>\n<p><strong><span style=\"color: #ff0000;\">VIDEO: Los 5 mejores goles de Carlos Vela:<\/span> <\/strong>[video_player]https:\/\/player.vimeo.com\/external\/157213892.hd.mp4?s=51f0f622e12ba906546b2b9b9dc0c6a480cdd6ce&amp;profile_id=113[\/video_player]<\/p>\n","protected":false},"excerpt":{"rendered":"<p>Florentino P\u00e9rez quiere salir de la crisis con Zizou en el banquillo <\/p>\n","protected":false},"author":20,"featured_media":362452,"comment_status":"closed","ping_status":"closed","sticky":false,"template":"","format":"standard","meta":[],"categories":[3839,3844,5951],"tags":[6013,491,5988,6020,2215],"_links":{"self":[{"href":"http:\/\/desarrollo.grupomedios.com\/futbol\/wp-json\/wp\/v2\/posts\/362449"}],"collection":[{"href":"http:\/\/desarrollo.grupomedios.com\/futbol\/wp-json\/wp\/v2\/posts"}],"about":[{"href":"http:\/\/desarrollo.grupomedios.com\/futbol\/wp-json\/wp\/v2\/types\/post"}],"author":[{"embeddable":true,"href":"http:\/\/desarrollo.grupomedios.com\/futbol\/wp-json\/wp\/v2\/users\/20"}],"replies":[{"embeddable":true,"href":"http:\/\/desarrollo.grupomedios.com\/futbol\/wp-json\/wp\/v2\/comments?post=362449"}],"version-history":[{"count":0,"href":"http:\/\/desarrollo.grupomedios.com\/futbol\/wp-json\/wp\/v2\/posts\/362449\/revisions"}],"wp:featuredmedia":[{"embeddable":true,"href":"http:\/\/desarrollo.grupomedios.com\/futbol\/wp-json\/wp\/v2\/media\/362452"}],"wp:attachment":[{"href":"http:\/\/desarrollo.grupomedios.com\/futbol\/wp-json\/wp\/v2\/media?parent=362449"}],"wp:term":[{"taxonomy":"category","embeddable":true,"href":"http:\/\/desarrollo.grupomedios.com\/futbol\/wp-json\/wp\/v2\/categories?post=362449"},{"taxonomy":"post_tag","embeddable":true,"href":"http:\/\/desarrollo.grupomedios.com\/futbol\/wp-json\/wp\/v2\/tags?post=362449"}],"curies":[{"name":"wp","href":"https:\/\/api.w.org\/{rel}","templated":true}]}}