{"id":362489,"date":"2016-03-01T12:25:36","date_gmt":"2016-03-01T18:25:36","guid":{"rendered":"http:\/\/futboltotal.com.mx\/?p=362489"},"modified":"2016-03-01T12:25:36","modified_gmt":"2016-03-01T18:25:36","slug":"enfado-monumental-de-zidane-con-james","status":"publish","type":"post","link":"http:\/\/desarrollo.grupomedios.com\/futbol\/videos\/enfado-monumental-de-zidane-con-james\/2016\/03","title":{"rendered":"Enfado monumental de Zidane con James"},"content":{"rendered":"<p>Una y otra vez las indicaciones en el derbi fueron enfocadas para <strong>James Rodr\u00edguez<\/strong>. El colombiano no rindi\u00f3, no atendi\u00f3 las solicitudes y encima fue abucheado por la afici\u00f3n. Ante tantas fallas, <strong>Zidane<\/strong> no tuvo m\u00e1s remedio que sacar al 10 merengue del campo&#8230;\u00a1Su enfado fue monumental y en <strong><span style=\"color: #3366ff;\"><a style=\"color: #3366ff;\" href=\"http:\/\/futboltotal.com.mx\/2016\/02\/real-madrid-se-resigna-a-no-ganar-la-liga\/\">la rueda de prensa lo hizo saber<\/a><\/span><\/strong>!<\/p>\n<p><iframe loading=\"lazy\" src=\"https:\/\/www.youtube.com\/embed\/PuBYbA5IHto\" frameborder=\"0\" allowfullscreen=\"allowfullscreen\"><\/iframe><\/p>\n<p style=\"text-align: center;\"><span style=\"color: #3366ff;\"><strong><a style=\"color: #3366ff;\" href=\"http:\/\/futboltotal.com.mx\/2016\/03\/el-gol-de-carlos-vela-que-enamoro-a-simeone\/\">LEER M\u00c1S: El gol de Carlos Vela que enamor\u00f3 a Simeone.<\/a><\/strong><\/span><\/p>\n","protected":false},"excerpt":{"rendered":"<p>Uno de los se\u00f1alados en el derbi fue Rodr\u00edguez y el t\u00e9cnico evidenci\u00f3 su malestar<\/p>\n","protected":false},"author":20,"featured_media":362494,"comment_status":"closed","ping_status":"closed","sticky":false,"template":"","format":"standard","meta":[],"categories":[3839,3844,4],"tags":[6082,5988,2215],"_links":{"self":[{"href":"http:\/\/desarrollo.grupomedios.com\/futbol\/wp-json\/wp\/v2\/posts\/362489"}],"collection":[{"href":"http:\/\/desarrollo.grupomedios.com\/futbol\/wp-json\/wp\/v2\/posts"}],"about":[{"href":"http:\/\/desarrollo.grupomedios.com\/futbol\/wp-json\/wp\/v2\/types\/post"}],"author":[{"embeddable":true,"href":"http:\/\/desarrollo.grupomedios.com\/futbol\/wp-json\/wp\/v2\/users\/20"}],"replies":[{"embeddable":true,"href":"http:\/\/desarrollo.grupomedios.com\/futbol\/wp-json\/wp\/v2\/comments?post=362489"}],"version-history":[{"count":0,"href":"http:\/\/desarrollo.grupomedios.com\/futbol\/wp-json\/wp\/v2\/posts\/362489\/revisions"}],"wp:featuredmedia":[{"embeddable":true,"href":"http:\/\/desarrollo.grupomedios.com\/futbol\/wp-json\/wp\/v2\/media\/362494"}],"wp:attachment":[{"href":"http:\/\/desarrollo.grupomedios.com\/futbol\/wp-json\/wp\/v2\/media?parent=362489"}],"wp:term":[{"taxonomy":"category","embeddable":true,"href":"http:\/\/desarrollo.grupomedios.com\/futbol\/wp-json\/wp\/v2\/categories?post=362489"},{"taxonomy":"post_tag","embeddable":true,"href":"http:\/\/desarrollo.grupomedios.com\/futbol\/wp-json\/wp\/v2\/tags?post=362489"}],"curies":[{"name":"wp","href":"https:\/\/api.w.org\/{rel}","templated":true}]}}