{"id":362548,"date":"2016-03-01T16:29:46","date_gmt":"2016-03-01T22:29:46","guid":{"rendered":"http:\/\/futboltotal.com.mx\/?p=362548"},"modified":"2016-03-02T13:06:14","modified_gmt":"2016-03-02T19:06:14","slug":"james-o-isco-alguno-de-los-dos-dira-adios-al-real-madrid","status":"publish","type":"post","link":"http:\/\/desarrollo.grupomedios.com\/futbol\/futbol-internacional\/james-o-isco-alguno-de-los-dos-dira-adios-al-real-madrid\/2016\/03","title":{"rendered":"James o Isco, uno de los dos dir\u00e1 adi\u00f3s a Real Madrid"},"content":{"rendered":"<p>James Rodr\u00edguez\u00a0e Isco son dos futbolistas de enorme talento pero en la actualidad, est\u00e1n lejos de su mejor nivel. Varios medios en Espa\u00f1a indican que parte del baj\u00f3n futbol\u00edstico es culpa de sus\u00a0m\u00faltiples salidas nocturnas.<\/p>\n<p>No obstante, el estratega del <strong>Real Madrid<\/strong>, Zinedine Zidane, siempre los ha arropado y pese a que no han aprovechado la ausencia de Bale para afianzarse en el once del equipo, el cuenta con los dos. Aunque los primeros problemas por su declive ya se presenciaron en la tribuna del Santiago Bernab\u00e9u el s\u00e1bado anterior. No solo hubo los cl\u00e1sicos gritos de &#8220;Florentino dimisi\u00f3n&#8221;, tambi\u00e9n ellos recibieron silbidos y ambos fueron sustituidos por su flojo accionar.<\/p>\n<p style=\"text-align: center;\"><strong><span style=\"color: #3366ff;\"><a style=\"color: #3366ff;\" href=\"http:\/\/futboltotal.com.mx\/2016\/03\/el-increible-cambio-de-humor-de-cristiano\/\">LEER M\u00c1S: Incre\u00edble cambio de humor de Cristiano.<\/a><\/span><\/strong><\/p>\n<p>Eso ha encendido las alarmas en el club. No est\u00e1n satisfechos con sus actuaciones y\u00a0a pesar de ser vistos en el pasado como el futuro del Real Madrid, de acuerdo al <em>Diario AS<\/em>, se plantear\u00edan la salida de James o Isco, eso en caso de una oferta conveniente para ambas partes.<\/p>\n<p>En el caso del colombiano, los directivos del club est\u00e1n molestos porque luego de exigir una mejora salarial no ha firmado los n\u00fameros esperados, tal y como s\u00ed lo hizo la temporada pasada. James cuenta con el inter\u00e9s de Manchester Unityed, dispuesto a ofrecer hasta 801 millones de euros. Mientras que por\u00a0Isco, Juventus y Manchester City han expresado una y mil veces su disposici\u00f3n a ficharlo.<\/p>\n<p style=\"text-align: center;\"><strong><span style=\"color: #3366ff;\"><a style=\"color: #3366ff;\" href=\"http:\/\/futboltotal.com.mx\/2016\/03\/el-mensaje-de-zidane-para-cristiano-ronaldo\/\">LEER M\u00c1S: El mensaje de Zidane para Cristiano Ronaldo.<\/a><\/span><\/strong><\/p>\n","protected":false},"excerpt":{"rendered":"<p>Si una oferta es atractiva para el club, no se pensar\u00e1n la venta <\/p>\n","protected":false},"author":20,"featured_media":362583,"comment_status":"closed","ping_status":"closed","sticky":false,"template":"","format":"standard","meta":[],"categories":[3839,5951],"tags":[6071,6082,5988],"_links":{"self":[{"href":"http:\/\/desarrollo.grupomedios.com\/futbol\/wp-json\/wp\/v2\/posts\/362548"}],"collection":[{"href":"http:\/\/desarrollo.grupomedios.com\/futbol\/wp-json\/wp\/v2\/posts"}],"about":[{"href":"http:\/\/desarrollo.grupomedios.com\/futbol\/wp-json\/wp\/v2\/types\/post"}],"author":[{"embeddable":true,"href":"http:\/\/desarrollo.grupomedios.com\/futbol\/wp-json\/wp\/v2\/users\/20"}],"replies":[{"embeddable":true,"href":"http:\/\/desarrollo.grupomedios.com\/futbol\/wp-json\/wp\/v2\/comments?post=362548"}],"version-history":[{"count":0,"href":"http:\/\/desarrollo.grupomedios.com\/futbol\/wp-json\/wp\/v2\/posts\/362548\/revisions"}],"wp:featuredmedia":[{"embeddable":true,"href":"http:\/\/desarrollo.grupomedios.com\/futbol\/wp-json\/wp\/v2\/media\/362583"}],"wp:attachment":[{"href":"http:\/\/desarrollo.grupomedios.com\/futbol\/wp-json\/wp\/v2\/media?parent=362548"}],"wp:term":[{"taxonomy":"category","embeddable":true,"href":"http:\/\/desarrollo.grupomedios.com\/futbol\/wp-json\/wp\/v2\/categories?post=362548"},{"taxonomy":"post_tag","embeddable":true,"href":"http:\/\/desarrollo.grupomedios.com\/futbol\/wp-json\/wp\/v2\/tags?post=362548"}],"curies":[{"name":"wp","href":"https:\/\/api.w.org\/{rel}","templated":true}]}}