{"id":362769,"date":"2016-03-01T23:03:36","date_gmt":"2016-03-02T05:03:36","guid":{"rendered":"http:\/\/futboltotal.com.mx\/?p=362769"},"modified":"2016-03-02T10:19:27","modified_gmt":"2016-03-02T16:19:27","slug":"resultado-santos-4-0-la-galaxy-concachampions","status":"publish","type":"post","link":"http:\/\/desarrollo.grupomedios.com\/futbol\/futbol-mexicano\/resultado-santos-4-0-la-galaxy-concachampions\/2016\/03","title":{"rendered":"\u00a1Santos aplasta al Galaxy y est\u00e1 en semifinales!"},"content":{"rendered":"<p>En el nuevo estadio Corona, <strong><a href=\"http:\/\/futboltotal.com.mx\/equipos\/santos\/\" target=\"_blank\">Santos<\/a><\/strong> recibi\u00f3 al <strong>LA Galaxy<\/strong> en busca de conseguir su pase a semifinales de la Liga de Campeones de la CONCACAF, el panorama luc\u00eda dif\u00edcil, pues los <em>Guerreros<\/em> apenas hab\u00edan salido vivos de Los \u00c1ngeles, pero al final, sorprendieron al equipo de Giovani dos Santos.<\/p>\n<p>Desde el arranque del juego <strong>Santos<\/strong> estuvo cerca de abrir el marcador, pero Dan Kennedy y Giovani dos Santos, salvaron la meta del <strong>LA Galaxy<\/strong>; pero los <em>Guerreros<\/em> insistieron hasta abrir el marcador al 17\u2019, cuando Mart\u00edn Bravo dio un gran gesto t\u00e9cnico para adelantar a la Comarca.<\/p>\n<p>Giovani tuvo el empate un par de minutos despu\u00e9s, pero Agust\u00edn Marches\u00edn hizo una atajada impecable, que motiv\u00f3 al<strong> Santos<\/strong>, pues al 22\u2019, Ulises D\u00e1vila ampli\u00f3 la ventaja con una gran definici\u00f3n. Con ello, los <em>Guerreros<\/em> se hicieron del dominio del partido y Djaniny marc\u00f3 el tercero al 35\u2019.<\/p>\n<p>Para el complemento <strong>Santos<\/strong> cedi\u00f3 el bal\u00f3n al <strong>LA Galaxy<\/strong> sin dejar que los visitantes hicieran da\u00f1o, y en cambio, generaron contragolpes que hicieron temblar a los angelinos, y uno de esos latigazos termin\u00f3 con el doblete de Mart\u00edn Bravo, al 60\u2019, para sellar una goleada inolvidable para la escuadra de Giovani dos Santos.<\/p>\n<p>Con este resultado, <strong>Santos<\/strong> clasific\u00f3 a semifinales de la CONCACAF Champions League y es el segundo mexicano en llegar a esta fase; se espera que Am\u00e9rica y Tigres, hagan lo propio.<\/p>\n<div id=\"galleryOFi\" style=\"display:none;\"><img alt=\"\" src=\"http:\/\/desarrollo.grupomedios.com\/futbol\/wp-content\/uploads\/2016\/03\/santos-vs-galaxy.jpg\" data-image=\"http:\/\/desarrollo.grupomedios.com\/futbol\/wp-content\/uploads\/2016\/03\/santos-vs-galaxy.jpg\" data-description=\"santos-vs-galaxy\"><img alt=\"\" src=\"http:\/\/desarrollo.grupomedios.com\/futbol\/wp-content\/uploads\/2016\/03\/santos-vs-galaxy-1.jpg\" data-image=\"http:\/\/desarrollo.grupomedios.com\/futbol\/wp-content\/uploads\/2016\/03\/santos-vs-galaxy-1.jpg\" data-description=\"santos-vs-galaxy-1\"><img alt=\"\" src=\"http:\/\/desarrollo.grupomedios.com\/futbol\/wp-content\/uploads\/2016\/03\/santos-vs-galaxy-2.jpg\" data-image=\"http:\/\/desarrollo.grupomedios.com\/futbol\/wp-content\/uploads\/2016\/03\/santos-vs-galaxy-2.jpg\" data-description=\"santos-vs-galaxy-2\"><img alt=\"\" src=\"http:\/\/desarrollo.grupomedios.com\/futbol\/wp-content\/uploads\/2016\/03\/santos-vs-galaxy-3.jpg\" data-image=\"http:\/\/desarrollo.grupomedios.com\/futbol\/wp-content\/uploads\/2016\/03\/santos-vs-galaxy-3.jpg\" data-description=\"santos-vs-galaxy-3\"><img alt=\"\" src=\"http:\/\/desarrollo.grupomedios.com\/futbol\/wp-content\/uploads\/2016\/03\/santos-vs-galaxy-4.jpg\" data-image=\"http:\/\/desarrollo.grupomedios.com\/futbol\/wp-content\/uploads\/2016\/03\/santos-vs-galaxy-4.jpg\" data-description=\"santos-vs-galaxy-4\"><img alt=\"\" src=\"http:\/\/desarrollo.grupomedios.com\/futbol\/wp-content\/uploads\/2016\/03\/santos-vs-galaxy-5.jpg\" data-image=\"http:\/\/desarrollo.grupomedios.com\/futbol\/wp-content\/uploads\/2016\/03\/santos-vs-galaxy-5.jpg\" data-description=\"santos-vs-galaxy-5\"><img alt=\"\" src=\"http:\/\/desarrollo.grupomedios.com\/futbol\/wp-content\/uploads\/2016\/03\/santos-vs-galaxy-6.jpg\" data-image=\"http:\/\/desarrollo.grupomedios.com\/futbol\/wp-content\/uploads\/2016\/03\/santos-vs-galaxy-6.jpg\" data-description=\"santos-vs-galaxy-6\"><img alt=\"\" src=\"http:\/\/desarrollo.grupomedios.com\/futbol\/wp-content\/uploads\/2016\/03\/santos-vs-galaxy-en-vivo-1.jpg\" data-image=\"http:\/\/desarrollo.grupomedios.com\/futbol\/wp-content\/uploads\/2016\/03\/santos-vs-galaxy-en-vivo-1.jpg\" data-description=\"santos-vs-galaxy-en-vivo\"><\/div>\n        <script>\n        \/\/galeria 1\n        jQuery(document).ready(function(){ \n            var api;\n            api = jQuery(\"#galleryOFi\").unitegallery({\n                carousel_autoplay: false\n            }); \n        });\n        <\/script>\n        \n<p><strong>Alineaciones:<\/strong><\/p>\n<p><strong>Santos:<\/strong> Agust\u00edn Marches\u00edn; Jos\u00e9 Abella, N\u00e9stor Araujo (Kristian \u00c1lvar\u00e9z, 83\u2019), Carlos Izquierdoz, Jorge Villafa\u00f1a; Diego de Buen, Jes\u00fas Molina (Adri\u00e1n Aldrete, 73\u2019), N\u00e9stor Calder\u00f3n, Ulises D\u00e1vila; Djaniny Tavares (Luis Mendoza, 63\u2019), Mart\u00edn Bravo. DT. Lu\u00eds Zubeld\u00eda.<\/p>\n<p><strong>LA Galaxy:<\/strong> Dan Kennedy; A.J. de la Garza, Jell Van Damme (Daniel Steren, 63\u2019), Robbie Rogers, Dave Romney; Steven Gerrard, Nigel de Jong, Emmanuel Boateng (Sebastian Lletget, 57\u2019), Giovani dos Santos; Gyasi Zardes (Mike Magee, 63\u2019), Robbie Keane. DT. Bruce Arena.<\/p>\n<p><iframe loading=\"lazy\" src=\"https:\/\/www.youtube.com\/embed\/WPlageMiBOQ\" frameborder=\"0\" allowfullscreen=\"allowfullscreen\"><\/iframe><\/p>\n<p style=\"text-align: center;\"><span style=\"color: #3366ff;\"><a style=\"color: #3366ff;\" href=\"http:\/\/futboltotal.com.mx\/2016\/03\/en-vivo-santos-vs-galaxy-concachampions\/\" target=\"_blank\"><strong>LEER M\u00c1S: AS\u00cd SE VIVI\u00d3 | Santos 4-0 LA Galaxy<\/strong><\/a><\/span><\/p>\n","protected":false},"excerpt":{"rendered":"<p>Bravo, Djaniny y D\u00e1vila marcaron los tantos del 4-0 sobre la escuadra angelina<\/p>\n","protected":false},"author":20,"featured_media":362786,"comment_status":"closed","ping_status":"closed","sticky":false,"template":"","format":"standard","meta":[],"categories":[5398,3839,2198,5951],"tags":[3182,1098,5972],"_links":{"self":[{"href":"http:\/\/desarrollo.grupomedios.com\/futbol\/wp-json\/wp\/v2\/posts\/362769"}],"collection":[{"href":"http:\/\/desarrollo.grupomedios.com\/futbol\/wp-json\/wp\/v2\/posts"}],"about":[{"href":"http:\/\/desarrollo.grupomedios.com\/futbol\/wp-json\/wp\/v2\/types\/post"}],"author":[{"embeddable":true,"href":"http:\/\/desarrollo.grupomedios.com\/futbol\/wp-json\/wp\/v2\/users\/20"}],"replies":[{"embeddable":true,"href":"http:\/\/desarrollo.grupomedios.com\/futbol\/wp-json\/wp\/v2\/comments?post=362769"}],"version-history":[{"count":0,"href":"http:\/\/desarrollo.grupomedios.com\/futbol\/wp-json\/wp\/v2\/posts\/362769\/revisions"}],"wp:featuredmedia":[{"embeddable":true,"href":"http:\/\/desarrollo.grupomedios.com\/futbol\/wp-json\/wp\/v2\/media\/362786"}],"wp:attachment":[{"href":"http:\/\/desarrollo.grupomedios.com\/futbol\/wp-json\/wp\/v2\/media?parent=362769"}],"wp:term":[{"taxonomy":"category","embeddable":true,"href":"http:\/\/desarrollo.grupomedios.com\/futbol\/wp-json\/wp\/v2\/categories?post=362769"},{"taxonomy":"post_tag","embeddable":true,"href":"http:\/\/desarrollo.grupomedios.com\/futbol\/wp-json\/wp\/v2\/tags?post=362769"}],"curies":[{"name":"wp","href":"https:\/\/api.w.org\/{rel}","templated":true}]}}