{"id":362840,"date":"2016-03-02T11:02:58","date_gmt":"2016-03-02T17:02:58","guid":{"rendered":"http:\/\/futboltotal.com.mx\/?p=362840"},"modified":"2016-03-02T11:02:58","modified_gmt":"2016-03-02T17:02:58","slug":"la-foto-de-cristiano-que-desata-la-polemica","status":"publish","type":"post","link":"http:\/\/desarrollo.grupomedios.com\/futbol\/futbol-internacional\/la-foto-de-cristiano-que-desata-la-polemica\/2016\/03","title":{"rendered":"La foto de Cristiano que desata la pol\u00e9mica"},"content":{"rendered":"<p><span style=\"color: #000000;\">Para <strong>Cristiano Ronaldo<\/strong> ya todo qued\u00f3 en el olvido. Muy pronto<\/span> <strong><span style=\"color: #3366ff;\"><a style=\"color: #3366ff;\" href=\"http:\/\/futboltotal.com.mx\/2016\/02\/cristiano-ronaldo-critica-a-sus-companeros\/\">dej\u00f3 atr\u00e1s sus pol\u00e9micas declaraciones<\/a>, <\/span><\/strong><span style=\"color: #000000;\">de hecho, solo horas despu\u00e9s se disculp\u00f3 pero la crisis era imposible de pausar. Todos los medios alrededor del mundo hicieron eco de sus declaraciones y hubo un consenso: el luso sigue privilegiando lo individual a lo colectivo.\u00a0<\/span><\/p>\n<p><span style=\"color: #000000;\">As\u00ed lo hizo saber este martes en su Instagram, donde mostr\u00f3 su trabajado cuerpo y\u00a0sigue potenciando su ego. En la postal se percibe a un\u00a0<strong>Cristiano Ronaldo<\/strong> entusiasmado y presumido frente al espejo con el mensaje\u00a0\u00a0&#8220;buenas noches&#8221;.<\/span><\/p>\n<blockquote class=\"instagram-media\" style=\"background: #FFF; border: 0; border-radius: 3px; box-shadow: 0 0 1px 0 rgba(0,0,0,0.5),0 1px 10px 0 rgba(0,0,0,0.15); margin: 1px; max-width: 658px; padding: 0; width: calc(100% - 2px);\" data-instgrm-captioned=\"\" data-instgrm-version=\"6\">\n<div style=\"padding: 8px;\">\n<div style=\"background: #F8F8F8; line-height: 0; margin-top: 40px; padding: 62.5% 0; text-align: center; width: 100%;\"><\/div>\n<div style=\"background: #F8F8F8; line-height: 0; margin-top: 40px; padding: 62.5% 0; text-align: center; width: 100%;\"><\/div>\n<p style=\"margin: 8px 0 0 0; padding: 0 4px;\"><a style=\"color: #000; font-family: Arial,sans-serif; font-size: 14px; font-style: normal; font-weight: normal; line-height: 17px; text-decoration: none; word-wrap: break-word;\" href=\"https:\/\/www.instagram.com\/p\/BCbahnZBpRx\/\" target=\"_blank\">Good night??<\/a><\/p>\n<p style=\"color: #c9c8cd; font-family: Arial,sans-serif; font-size: 14px; line-height: 17px; margin-bottom: 0; margin-top: 8px; overflow: hidden; padding: 8px 0 7px; text-align: center; text-overflow: ellipsis; white-space: nowrap;\">Una foto publicada por Cristiano Ronaldo (@cristiano) el <time style=\"font-family: Arial,sans-serif; font-size: 14px; line-height: 17px;\" datetime=\"2016-03-01T23:10:19+00:00\">1 de Mar de 2016 a la(s) 3:10 PST<\/time><\/p>\n<\/div>\n<\/blockquote>\n<p><script src=\"\/\/platform.instagram.com\/en_US\/embeds.js\" async=\"\" defer=\"defer\"><\/script><\/p>\n<p style=\"text-align: center;\"><strong><span style=\"color: #3366ff;\"><a style=\"color: #3366ff;\" href=\"http:\/\/futboltotal.com.mx\/2016\/02\/cristiano-ronaldo-critica-a-sus-companeros\/\">LEER M\u00c1S: El incre\u00edble humor de Cristiano Ronaldo.<\/a><\/span><\/strong><\/p>\n","protected":false},"excerpt":{"rendered":"<p>En plena crisis del Real Madrid, el luso no deja su ego atr\u00e1s <\/p>\n","protected":false},"author":20,"featured_media":362842,"comment_status":"closed","ping_status":"closed","sticky":false,"template":"","format":"standard","meta":[],"categories":[5419,3839,3844,5951],"tags":[1496,5988],"_links":{"self":[{"href":"http:\/\/desarrollo.grupomedios.com\/futbol\/wp-json\/wp\/v2\/posts\/362840"}],"collection":[{"href":"http:\/\/desarrollo.grupomedios.com\/futbol\/wp-json\/wp\/v2\/posts"}],"about":[{"href":"http:\/\/desarrollo.grupomedios.com\/futbol\/wp-json\/wp\/v2\/types\/post"}],"author":[{"embeddable":true,"href":"http:\/\/desarrollo.grupomedios.com\/futbol\/wp-json\/wp\/v2\/users\/20"}],"replies":[{"embeddable":true,"href":"http:\/\/desarrollo.grupomedios.com\/futbol\/wp-json\/wp\/v2\/comments?post=362840"}],"version-history":[{"count":0,"href":"http:\/\/desarrollo.grupomedios.com\/futbol\/wp-json\/wp\/v2\/posts\/362840\/revisions"}],"wp:featuredmedia":[{"embeddable":true,"href":"http:\/\/desarrollo.grupomedios.com\/futbol\/wp-json\/wp\/v2\/media\/362842"}],"wp:attachment":[{"href":"http:\/\/desarrollo.grupomedios.com\/futbol\/wp-json\/wp\/v2\/media?parent=362840"}],"wp:term":[{"taxonomy":"category","embeddable":true,"href":"http:\/\/desarrollo.grupomedios.com\/futbol\/wp-json\/wp\/v2\/categories?post=362840"},{"taxonomy":"post_tag","embeddable":true,"href":"http:\/\/desarrollo.grupomedios.com\/futbol\/wp-json\/wp\/v2\/tags?post=362840"}],"curies":[{"name":"wp","href":"https:\/\/api.w.org\/{rel}","templated":true}]}}