{"id":362886,"date":"2016-03-02T13:01:22","date_gmt":"2016-03-02T19:01:22","guid":{"rendered":"http:\/\/futboltotal.com.mx\/?p=362886"},"modified":"2016-03-02T13:01:22","modified_gmt":"2016-03-02T19:01:22","slug":"la-toalla-la-tiran-los-boxeadores-almeyda","status":"publish","type":"post","link":"http:\/\/desarrollo.grupomedios.com\/futbol\/futbol-mexicano\/la-toalla-la-tiran-los-boxeadores-almeyda\/2016\/03","title":{"rendered":"&#8220;La toalla la tiran los boxeadores\u201d: Almeyda"},"content":{"rendered":"<p><b><a href=\"http:\/\/futboltotal.com.mx\/equipos\/guadalajara\/\" target=\"_blank\">Chivas<\/a><\/b> traviesa por una severa crisis de resultados. <a href=\"http:\/\/futboltotal.com.mx\/estadisticas\/estadisticas-liga-mx\/\" target=\"_blank\">El <i>Reba\u00f1o<\/i> no han ganado en las primeras ocho jornadas del Clausura 2016<\/a>. Ante ello, mucho se cuestiona sobre la continuidad del entrenador argentino <b>Mat\u00edas Almeyda<\/b>, quien pese a la adversidad no se esconde y sale al paso de las cr\u00edticas.<\/p>\n<p>En ese sentido, el <i>Pelado<\/i> asegura que no tiene pensado dejar al equipo, pues tiene claro el compromiso que hizo con la entidad <i>rojiblanca<\/i>.<\/p>\n<p>&#8220;La toalla la tiran los boxeadores. Yo creo en los proyectos, si yo firmo dos a\u00f1os de contrato es porque considero que los tengo que cumplir. Despu\u00e9s de eso dar\u00e9 un veredicto de si fue bueno o malo\u2026<\/p>\n<p style=\"text-align: center;\"><strong><span style=\"color: #3366ff;\"><a style=\"color: #3366ff;\" href=\"http:\/\/futboltotal.com.mx\/2016\/03\/ultimatum-a-almeyda-vergara-responde\/\">LEER M\u00c1S: \u00bfUltim\u00e1tum a Almeyda? Vergara responde\u2026<\/a><\/span><\/strong><\/p>\n<p>\u201cJorge Vergara est\u00e1 aguantando un proceso y ahora es criticado por eso. Habr\u00eda que ponerse de acuerdo, si vamos a apoyar o no. Siempre lo han criticado porque lleva 20 t\u00e9cnicos, muchos quieren que me corra a mi y es criticado por eso. Es dif\u00edcil conformar al mundo&#8221;, apunt\u00f3 <b>Mat\u00edas Almeyda<\/b>.<\/p>\n<p>Sobre el funcionamiento de las <b>Chivas<\/b>, el entrenador argentino lo tiene claro:<\/p>\n<p>\u201cSoy consciente del momento que vivimos, somos autocr\u00edticos. No estamos contentos con el resultado final. Veo cosas positivas, como la entrega de los jugadores, el juego que estamos buscando. En la mayor\u00eda de los juegos estamos ganando y despu\u00e9s, por equis motivo, se ha empatado.<\/p>\n<p style=\"text-align: center;\"><span style=\"color: #3366ff;\"><strong><a style=\"color: #3366ff;\" href=\"http:\/\/futboltotal.com.mx\/2016\/03\/chivas-contrata-nuevo-refuerzo-para-el-clausura-2016\/\">LEER M\u00c1S: Chivas tiene nuevo refuerzo<\/a><\/strong><\/span><\/p>\n<p>\u201cMe quedo con que <b>Chivas<\/b> defiende mal. Nos atacan tres veces y en varios partidos ha sido as\u00ed, por errores de nosotros. No hemos podido finalizar la cantidad de opciones de gol que hemos tenido. En los \u00faltimos partidos el equipo ha sido superior al rival, lo que quiere decir que los resultados est\u00e1n por llegar. El funcionamiento de <b>Chivas<\/b>, en la mayor parte de sus partidos, ha sido bueno&#8221;, asegur\u00f3 el argentino en entrevista con <i>Agenda Fox Sports<\/i>.<\/p>\n<p><span style=\"color: #ff0000;\">CASO GULLIT<\/span> | Por otra parte, <b>Mat\u00edas Almeyda <\/b>apunt\u00f3 que lo que est\u00e1 tratando de hacer con Carlos Pe\u00f1a, quien no ha logrado adaptarse y mostrar el futbol que se le conoci\u00f3 en Le\u00f3n, as\u00ed como defiende su proceso.<\/p>\n<p>&#8220;Es un tema t\u00e1ctico, a los jugadores los veo todos los d\u00edas, hablo con ellos, tengo el mismo sentimiento que ellos porque yo he sentido el futbol. Lo que puede sentir un jugador con presi\u00f3n, bajando su nivel, un dolor por ser insultado, yo lo he sentido como jugador. El hecho de llorar en el vestidor, lo he vivido. El que <em>Gullit<\/em> hoy vaya a la banca, es porque yo espero recuperarlo, que vuelva a tener un nivel para ser jugador de selecci\u00f3n. En los cambios de equipo a algunos jugadores les cuesta m\u00e1s y a otros menos&#8221;, puntualiz\u00f3.<\/p>\n<p style=\"text-align: center;\"><span style=\"color: #3366ff;\"><strong><a style=\"color: #3366ff;\" href=\"http:\/\/futboltotal.com.mx\/2016\/02\/que-necesita-dorados-para-evitar-el-descenso\/\">LEER M\u00c1S: \u00bfQu\u00e9 necesita Dorados para evitar el descenso?<\/a><\/strong><\/span><\/p>\n<p><span style=\"color: #ff0000;\">\u00bfORINADOS POR UN DINOSAURIO?<\/span> | En otro contexto, explic\u00f3 lo qu\u00e9 quiso decir el fin de semana al mencionar que los orin\u00f3 un dinosaurio. &#8220;Es una met\u00e1fora que se hace en Argentina y no se entendi\u00f3. Si te hace pip\u00ed un perro, el or\u00edn es chiquito, entonces el mal momento va a ser pasajero. Una de dinosaurio es una lluvia&#8221;, dijo el <em>Pelado<\/em> <b>Almeyda<\/b>.<\/p>\n<p><span style=\"color: #ff0000;\"><strong>VIDEO<\/strong>: Agenda de TV |\u00a0Jornada 9\u00a0del Clausura 2016<\/span><\/p>\n<p>[video_player]https:\/\/player.vimeo.com\/external\/157221090.hd.mp4?s=740dfef87b782dc0f304129279af794dc3404fc5&amp;profile_id=113[\/video_player]<\/p>\n","protected":false},"excerpt":{"rendered":"<p>Pese a la adversidad, el DT de Chivas no se esconde<\/p>\n","protected":false},"author":20,"featured_media":362887,"comment_status":"closed","ping_status":"closed","sticky":false,"template":"","format":"standard","meta":[],"categories":[2198,3845,5950],"tags":[70,1420],"_links":{"self":[{"href":"http:\/\/desarrollo.grupomedios.com\/futbol\/wp-json\/wp\/v2\/posts\/362886"}],"collection":[{"href":"http:\/\/desarrollo.grupomedios.com\/futbol\/wp-json\/wp\/v2\/posts"}],"about":[{"href":"http:\/\/desarrollo.grupomedios.com\/futbol\/wp-json\/wp\/v2\/types\/post"}],"author":[{"embeddable":true,"href":"http:\/\/desarrollo.grupomedios.com\/futbol\/wp-json\/wp\/v2\/users\/20"}],"replies":[{"embeddable":true,"href":"http:\/\/desarrollo.grupomedios.com\/futbol\/wp-json\/wp\/v2\/comments?post=362886"}],"version-history":[{"count":0,"href":"http:\/\/desarrollo.grupomedios.com\/futbol\/wp-json\/wp\/v2\/posts\/362886\/revisions"}],"wp:featuredmedia":[{"embeddable":true,"href":"http:\/\/desarrollo.grupomedios.com\/futbol\/wp-json\/wp\/v2\/media\/362887"}],"wp:attachment":[{"href":"http:\/\/desarrollo.grupomedios.com\/futbol\/wp-json\/wp\/v2\/media?parent=362886"}],"wp:term":[{"taxonomy":"category","embeddable":true,"href":"http:\/\/desarrollo.grupomedios.com\/futbol\/wp-json\/wp\/v2\/categories?post=362886"},{"taxonomy":"post_tag","embeddable":true,"href":"http:\/\/desarrollo.grupomedios.com\/futbol\/wp-json\/wp\/v2\/tags?post=362886"}],"curies":[{"name":"wp","href":"https:\/\/api.w.org\/{rel}","templated":true}]}}