{"id":362889,"date":"2016-03-02T13:44:07","date_gmt":"2016-03-02T19:44:07","guid":{"rendered":"http:\/\/futboltotal.com.mx\/?p=362889"},"modified":"2016-03-02T13:44:07","modified_gmt":"2016-03-02T19:44:07","slug":"exfutbolista-del-real-madrid-nunca-imagino-a-zidane-de-entrenador","status":"publish","type":"post","link":"http:\/\/desarrollo.grupomedios.com\/futbol\/futbol-internacional\/exfutbolista-del-real-madrid-nunca-imagino-a-zidane-de-entrenador\/2016\/03","title":{"rendered":"McManaman nunca imagin\u00f3 a Zidane de entrenador"},"content":{"rendered":"<p><strong>Real Madrid<\/strong> es un tema constante en todas partes del mundo. <strong>Steve McManaman<\/strong>, exfutbolista del equipo en la d\u00e9cada anterior, analiz\u00f3 en el diario <em>Express<\/em> la situaci\u00f3n del Real Madrid tras la llegada de Zidane al banquillo del cuadro blanco.\u00a0&#8220;Espero que tengan un plan para el banquillo en vez de ir por el mundo echando entrenadores y trayendo a Carlo, Jos\u00e9, Fabio o Rafa&#8230; Se est\u00e1n quedando sin nombres, as\u00ed que espero que le den una oportunidad a Zidane y a los otros que tienen en la cantera, como Ramis, Solari y Guti&#8221;.<\/p>\n<p style=\"text-align: center;\"><strong><span style=\"color: #3366ff;\"><a style=\"color: #3366ff;\" href=\"http:\/\/futboltotal.com.mx\/2016\/03\/el-increible-cambio-de-humor-de-cristiano\/\">LEER M\u00c1S:El incre\u00edble cambio de humor de Cristiano.<\/a><\/span><\/strong><\/p>\n<p>Eso s\u00ed, a pesar de dar un respaldo en el banquillo a Zizou, el ingl\u00e9s se mostr\u00f3 sorprendido por su nueva faceta. &#8220;Nunca pens\u00e9 que fuera a ser entrenador, cuando lleg\u00f3 no hablaba nada de espa\u00f1ol y era muy callado, s\u00f3lo hablaba franc\u00e9s con Makelele, no pensabas que acabar\u00eda entrenando a este equipo porque no estaba muy asentado en Madrid. Pensabas en Hierro entrenando al Madrid porque era espa\u00f1ol y un l\u00edder, en cierto modo, era casi nuestro entrenador. <strong>Zidane<\/strong> era m\u00e1s tranquilo, ven\u00eda, se entrenaba y se iba a casa&#8221;, se\u00f1al\u00f3 sobre la etapa en la que coincidieron en el club.<\/p>\n<p>El exmadridista defini\u00f3 a Zidane como t\u00e9cnico: &#8220;No es un entrenador de gritar, eso seguro, pero tiene tanto conocimiento de este deporte que eso provoca respeto&#8221;.<\/p>\n<p style=\"text-align: center;\"><span style=\"color: #3366ff;\"><strong><a style=\"color: #3366ff;\" href=\"http:\/\/futboltotal.com.mx\/2016\/03\/allegri-como-sustituto-de-zidane-en-real-madrid-en-caso-de-fracaso\/\">LEER M\u00c1S: Allegri, \u00bfsustituto de Zidane en el Real Madrid?<\/a><\/strong><\/span><\/p>\n","protected":false},"excerpt":{"rendered":"<p>El futbolista ingl\u00e9s abord\u00f3 infinidad de temas sobre el Real Madrid<\/p>\n","protected":false},"author":20,"featured_media":362895,"comment_status":"closed","ping_status":"closed","sticky":false,"template":"","format":"standard","meta":[],"categories":[3839,3844,5951],"tags":[5988,6850,2215],"_links":{"self":[{"href":"http:\/\/desarrollo.grupomedios.com\/futbol\/wp-json\/wp\/v2\/posts\/362889"}],"collection":[{"href":"http:\/\/desarrollo.grupomedios.com\/futbol\/wp-json\/wp\/v2\/posts"}],"about":[{"href":"http:\/\/desarrollo.grupomedios.com\/futbol\/wp-json\/wp\/v2\/types\/post"}],"author":[{"embeddable":true,"href":"http:\/\/desarrollo.grupomedios.com\/futbol\/wp-json\/wp\/v2\/users\/20"}],"replies":[{"embeddable":true,"href":"http:\/\/desarrollo.grupomedios.com\/futbol\/wp-json\/wp\/v2\/comments?post=362889"}],"version-history":[{"count":0,"href":"http:\/\/desarrollo.grupomedios.com\/futbol\/wp-json\/wp\/v2\/posts\/362889\/revisions"}],"wp:featuredmedia":[{"embeddable":true,"href":"http:\/\/desarrollo.grupomedios.com\/futbol\/wp-json\/wp\/v2\/media\/362895"}],"wp:attachment":[{"href":"http:\/\/desarrollo.grupomedios.com\/futbol\/wp-json\/wp\/v2\/media?parent=362889"}],"wp:term":[{"taxonomy":"category","embeddable":true,"href":"http:\/\/desarrollo.grupomedios.com\/futbol\/wp-json\/wp\/v2\/categories?post=362889"},{"taxonomy":"post_tag","embeddable":true,"href":"http:\/\/desarrollo.grupomedios.com\/futbol\/wp-json\/wp\/v2\/tags?post=362889"}],"curies":[{"name":"wp","href":"https:\/\/api.w.org\/{rel}","templated":true}]}}