{"id":362981,"date":"2016-03-02T18:03:50","date_gmt":"2016-03-03T00:03:50","guid":{"rendered":"http:\/\/futboltotal.com.mx\/?p=362981"},"modified":"2016-03-03T08:27:36","modified_gmt":"2016-03-03T14:27:36","slug":"porto-clasifica-a-la-final-de-la-copa-de-portugal","status":"publish","type":"post","link":"http:\/\/desarrollo.grupomedios.com\/futbol\/futbol-internacional\/porto-clasifica-a-la-final-de-la-copa-de-portugal\/2016\/03","title":{"rendered":"\u00a1Porto, finalista de la Copa de Portugal!"},"content":{"rendered":"<p>Este mi\u00e9rcoles, <strong>Porto<\/strong> se enfrent\u00f3 ante el Gil Vicente de la segunda divisi\u00f3n del balompi\u00e9 <em>luso<\/em>, al que derrot\u00f3 2-0. Con ese resultado, calific\u00f3 a la Final de la <em>Ta\u00e7a<\/em> de Portugal, pues el marcador global termin\u00f3 5-0 en favor de los <em>Dragones<\/em>.<\/p>\n<p><strong>Miguel Lay\u00fan<\/strong> y H\u00e9ctor Herrera fueron convocados al partido, pero s\u00f3lo el lateral vio acci\u00f3n, debido a que el fin de semana se perdi\u00f3 el juego de ida por suspensi\u00f3n. El mexicano tuvo una actuaci\u00f3n regular y particip\u00f3 70 minutos del encuentro.<\/p>\n<p style=\"text-align: center;\"><span style=\"color: #3366ff;\"><strong><a style=\"color: #3366ff;\" href=\"http:\/\/futboltotal.com.mx\/2016\/03\/alan-pulido-y-olympiacos-viven-terror-en-grecia\/\" target=\"_blank\">LEER M\u00c1S: Alan Pulido y Olympiacos viven terror<\/a><\/strong><\/span><\/p>\n<p>Los goles del encuentro fueron marcados por Chidozie Awaziem, al minuto 11) y por Moussa Marega, quien defini\u00f3 la goleada global, al 80&#8242;. El rival del <strong>Porto<\/strong> en la final de la <strong>Copa de Portugal<\/strong> ser\u00e1 Praga, quien empat\u00f3 sin goles con R\u00edo Ave, y que clasific\u00f3 debido a que el juego de ida lo gan\u00f3 por la m\u00ednima diferencia.<\/p>\n<p>La final de la <strong>Copa de Portugal<\/strong> entre el <strong>Porto<\/strong> y el Praga, se llevar\u00e1 a cabo el pr\u00f3ximo 22 de mayo, por lo que, pese a las dificultad de conseguir el t\u00edtulo de liga, los <em>Dragones<\/em> tendr\u00e1n la oportunidad de llevarse un campeonato al final de la campa\u00f1a.<\/p>\n<p><span style=\"color: #ff0000;\"><strong>VIDEO:<\/strong> Goles m\u00e1s chistosos del Chicharito<\/span><\/p>\n<p>[video_player]https:\/\/player.vimeo.com\/external\/157214273.hd.mp4?s=ac0831cdb960a4d2dc6bfa4348c2ea8a0f9543f1&amp;profile_id=113[\/video_player]<\/p>\n","protected":false},"excerpt":{"rendered":"<p>Los Dragones calificaron a la Final; Lay\u00fan jug\u00f3 70 minutos<\/p>\n","protected":false},"author":20,"featured_media":362998,"comment_status":"closed","ping_status":"closed","sticky":false,"template":"","format":"standard","meta":[],"categories":[3839,5951],"tags":[5995,1035,1208],"_links":{"self":[{"href":"http:\/\/desarrollo.grupomedios.com\/futbol\/wp-json\/wp\/v2\/posts\/362981"}],"collection":[{"href":"http:\/\/desarrollo.grupomedios.com\/futbol\/wp-json\/wp\/v2\/posts"}],"about":[{"href":"http:\/\/desarrollo.grupomedios.com\/futbol\/wp-json\/wp\/v2\/types\/post"}],"author":[{"embeddable":true,"href":"http:\/\/desarrollo.grupomedios.com\/futbol\/wp-json\/wp\/v2\/users\/20"}],"replies":[{"embeddable":true,"href":"http:\/\/desarrollo.grupomedios.com\/futbol\/wp-json\/wp\/v2\/comments?post=362981"}],"version-history":[{"count":0,"href":"http:\/\/desarrollo.grupomedios.com\/futbol\/wp-json\/wp\/v2\/posts\/362981\/revisions"}],"wp:featuredmedia":[{"embeddable":true,"href":"http:\/\/desarrollo.grupomedios.com\/futbol\/wp-json\/wp\/v2\/media\/362998"}],"wp:attachment":[{"href":"http:\/\/desarrollo.grupomedios.com\/futbol\/wp-json\/wp\/v2\/media?parent=362981"}],"wp:term":[{"taxonomy":"category","embeddable":true,"href":"http:\/\/desarrollo.grupomedios.com\/futbol\/wp-json\/wp\/v2\/categories?post=362981"},{"taxonomy":"post_tag","embeddable":true,"href":"http:\/\/desarrollo.grupomedios.com\/futbol\/wp-json\/wp\/v2\/tags?post=362981"}],"curies":[{"name":"wp","href":"https:\/\/api.w.org\/{rel}","templated":true}]}}