{"id":363114,"date":"2016-03-03T08:58:21","date_gmt":"2016-03-03T14:58:21","guid":{"rendered":"http:\/\/futboltotal.com.mx\/?p=363114"},"modified":"2016-03-03T16:09:57","modified_gmt":"2016-03-03T22:09:57","slug":"semifinales-de-concachampions-completamente-mx","status":"publish","type":"post","link":"http:\/\/desarrollo.grupomedios.com\/futbol\/destacado-home\/semifinales-de-concachampions-completamente-mx\/2016\/03","title":{"rendered":"Semifinales de Concachampions, completamente MX"},"content":{"rendered":"<p>Este mi\u00e9rcoles quedaron definidas las <strong>semifinales<\/strong> de la <strong>Liga de Campeones de la CONCACAF<\/strong>, series que ser\u00e1n disputadas exclusivamente por equipos de la <strong>Liga MX<\/strong>: <a href=\"http:\/\/futboltotal.com.mx\/equipos\/america\/\" target=\"_blank\">Am\u00e9rica<\/a>, <a href=\"http:\/\/futboltotal.com.mx\/equipos\/tigres\/\" target=\"_blank\">Tigres<\/a>, <a href=\"http:\/\/futboltotal.com.mx\/equipos\/santos\/\" target=\"_blank\">Santos<\/a> y <a href=\"http:\/\/futboltotal.com.mx\/equipos\/queretaro\/\" target=\"_blank\">Quer\u00e9taro<\/a>.<\/p>\n<p>Y ante ello, como se ha vuelto una costumbre, la presencia mexicana est\u00e1 asegurada en el pr\u00f3ximo Mundial de Clubes.<\/p>\n<p style=\"text-align: center;\"><span style=\"color: #3366ff;\"><strong><a style=\"color: #3366ff;\" href=\"http:\/\/futboltotal.com.mx\/2016\/03\/resultado-concachampions-america-3-1-seattle-sounders\/\">LEER M\u00c1S: \u00a1Am\u00e9rica, tercer semifinalista de Concachampions!<\/a><\/strong><\/span><\/p>\n<p>Una de las series de la antesala de la Gran Final de la <strong>Concachampions<\/strong> la disputar\u00e1n las <em>\u00c1guilas<\/em> del <strong>Am\u00e9rica<\/strong>, que eliminaron al Seattle <em>Sounders<\/em>, ante <strong>Santos Laguna<\/strong>, que golearon al LA <em>Galaxy<\/em> de Gio dos Santos.<\/p>\n<p>La Ida ser\u00e1 en el estadio Corona y el duelo definitivo en el Azteca.<\/p>\n<p>En tanto, los <strong>Tigres<\/strong> de la UANL, que avanzaron tras vencer (en el marcador global) de manera apurada al Real Salt Lake, se medir\u00e1n ante los <em>Gallos Blancos<\/em> de <strong>Quer\u00e9taro<\/strong>, escuadra que dej\u00f3 en el camino al DC United.<\/p>\n<p style=\"text-align: center;\"><span style=\"color: #3366ff;\"><strong><a style=\"color: #3366ff;\" href=\"http:\/\/futboltotal.com.mx\/2016\/03\/resultado-concachampions-real-salt-lake-1-1-tigres\/\">LEER M\u00c1S: Tigres completa la tarea<\/a><\/strong><\/span><\/p>\n<p>El primer duelo de esta serie se jugar\u00e1 en La Corregidora y el \u00faltimo boleto a la Gran Final se disputar\u00e1 en el estadio Universitario.<\/p>\n<p>La <strong>CONCACAF<\/strong> dio a conocer c\u00f3mo se jugar\u00e1 esta instancia as\u00ed como los cotejos de la Gran Final por el t\u00edtulo regional y el pase al Mundial de Clubes.<\/p>\n<p><strong>Juegos de Ida<\/strong><\/p>\n<p>Martes, 15 de marzo de 2016<br \/>\nQuer\u00e9taro\u00a0vs. \u00a0Tigres &#8211; Estadio Corregidora<\/p>\n<p>Mi\u00e9rcoles, 16 de marzo\u00a0de\u00a02016<br \/>\nSantos Laguna vs. \u00a0Am\u00e9rica &#8211; Estadio Corona<\/p>\n<p><strong>Juegos de Vuelta<\/strong><\/p>\n<p>Martes 5 de abril\u00a0de\u00a02016<br \/>\nTigres vs. Quer\u00e9taro\u00a0&#8211; Estadio Universitario<br \/>\nAm\u00e9rica \u00a0vs. \u00a0Santos Laguna &#8211; Estadio Azteca<\/p>\n<p><strong>FINAL<\/strong><\/p>\n<p><strong>Juego de Ida<\/strong>\u00a0&#8211;\u00a0Mi\u00e9rcoles 20 de abril<\/p>\n<p><strong>Juego de Vuelta &#8211;\u00a0<\/strong>Mi\u00e9rcoles 27 de abril<\/p>\n","protected":false},"excerpt":{"rendered":"<p>Am\u00e9rica, Tigres, Santos y Quer\u00e9taro, los invitados<\/p>\n","protected":false},"author":20,"featured_media":363115,"comment_status":"closed","ping_status":"closed","sticky":false,"template":"","format":"standard","meta":[],"categories":[5398,5,3839],"tags":[3182],"_links":{"self":[{"href":"http:\/\/desarrollo.grupomedios.com\/futbol\/wp-json\/wp\/v2\/posts\/363114"}],"collection":[{"href":"http:\/\/desarrollo.grupomedios.com\/futbol\/wp-json\/wp\/v2\/posts"}],"about":[{"href":"http:\/\/desarrollo.grupomedios.com\/futbol\/wp-json\/wp\/v2\/types\/post"}],"author":[{"embeddable":true,"href":"http:\/\/desarrollo.grupomedios.com\/futbol\/wp-json\/wp\/v2\/users\/20"}],"replies":[{"embeddable":true,"href":"http:\/\/desarrollo.grupomedios.com\/futbol\/wp-json\/wp\/v2\/comments?post=363114"}],"version-history":[{"count":0,"href":"http:\/\/desarrollo.grupomedios.com\/futbol\/wp-json\/wp\/v2\/posts\/363114\/revisions"}],"wp:featuredmedia":[{"embeddable":true,"href":"http:\/\/desarrollo.grupomedios.com\/futbol\/wp-json\/wp\/v2\/media\/363115"}],"wp:attachment":[{"href":"http:\/\/desarrollo.grupomedios.com\/futbol\/wp-json\/wp\/v2\/media?parent=363114"}],"wp:term":[{"taxonomy":"category","embeddable":true,"href":"http:\/\/desarrollo.grupomedios.com\/futbol\/wp-json\/wp\/v2\/categories?post=363114"},{"taxonomy":"post_tag","embeddable":true,"href":"http:\/\/desarrollo.grupomedios.com\/futbol\/wp-json\/wp\/v2\/tags?post=363114"}],"curies":[{"name":"wp","href":"https:\/\/api.w.org\/{rel}","templated":true}]}}