{"id":363121,"date":"2016-03-03T13:02:05","date_gmt":"2016-03-03T19:02:05","guid":{"rendered":"http:\/\/futboltotal.com.mx\/?p=363121"},"modified":"2016-03-03T13:03:29","modified_gmt":"2016-03-03T19:03:29","slug":"mario-balotelli-y-otras-promesas-incumplidas","status":"publish","type":"post","link":"http:\/\/desarrollo.grupomedios.com\/futbol\/destacado-home\/mario-balotelli-y-otras-promesas-incumplidas\/2016\/03","title":{"rendered":"Mario Balotelli y otras promesas incumplidas"},"content":{"rendered":"<p>Pese a que en 2012 era una de las grandes promesas del futbol mundial, <strong>Mario<\/strong>\u00a0<strong>Balotelli<\/strong> se desinfl\u00f3 en forma dram\u00e1tica y hoy pasa sus d\u00edas como suplente del Mil\u00e1n. Revisamos su caso y otros cuatro de promesas incumplidas<\/p>\n<p><span style=\"color: #ff0000;\"><strong>Mario Balotelli<\/strong> |<\/span> \u00bfSuper Mario o Super desperdicio?<\/p>\n<p>La imagen era imponente, temible. Una estatua de m\u00e1rmol negro, esculpida al m\u00ednimo detalle: brazos y abdomen tensos, mirada amenazante. Era en realidad un desafiante hombre llamado <strong>Mario Balotelli<\/strong>. Tras su segundo gol en la <em>semi<\/em> de la <em>Euro<\/em> 2012 Italia-Alemania (derechazo imparable al \u00e1ngulo), presumi\u00f3 su musculatura al mundo.<\/p>\n<p><em>Super Mario<\/em> era tan c\u00e9lebre por sus anotaciones como por sus locuras dentro y fuera del campo. En un duelo del <em>Inter<\/em> donde estaba amonestado, Jos\u00e9 Mourinho le dedic\u00f3 14 de los 15 minutos del medio tiempo: \u201cMario, no tengo delanteros para cambiarte, no te hagas expulsar\u201d\u2026 \u00e9l se gan\u00f3 la roja en cuanto el juego reinici\u00f3. Estando en el Manchester City incendi\u00f3 su casa en una fiesta y otro d\u00eda pele\u00f3 (f\u00edsicamente) con su t\u00e9cnico, Roberto Mancini.<\/p>\n<p>Ni su paso en 2013 al Mil\u00e1n (del que es hincha) lo convenci\u00f3 de cuidar su carrera. Indisciplinas, desinter\u00e9s y otras pol\u00e9micas siguieron siendo la norma. Liverpool lo fich\u00f3 en 2014-15 para que fuera su goleador, pero apenas marc\u00f3 cuatro veces, una por torneo que los <em>Reds<\/em> jugaron.<\/p>\n<p style=\"text-align: center;\"><strong><a style=\"color: #3366ff;\" href=\"http:\/\/futboltotal.com.mx\/2016\/02\/jamie-vardy-y-otros-exitos-tardios\/\" target=\"_blank\">LEER M\u00c1S: Jamie Vardy y otros \u00e9xitos tard\u00edos<\/a><\/strong><\/p>\n<p>Mil\u00e1n lo repesc\u00f3 para el ciclo actual, pero 329 minutos en la liga y un solo gol dicen que <strong>Balotelli<\/strong>\u00a0no est\u00e1 a la altura de la reputaci\u00f3n que un d\u00eda tuvo. <a href=\"http:\/\/futboltotal.com.mx\/2016\/02\/balotelli-otro-crack-mas-a-china\/\" target=\"_blank\">Tanto que incluso se rumora que podr\u00eda ir\u00a0a China<\/a>.<\/p>\n<p>Mancini advirti\u00f3 el a\u00f1o pasado: \u201cCorre el riesgo de terminar como Adriano\u201d.<\/p>\n<p><a href=\"http:\/\/futboltotal.com.mx\/wp-content\/uploads\/2016\/03\/1balotelli.jpg\" rel=\"attachment wp-att-363136\"><img decoding=\"async\" loading=\"lazy\" class=\"alignnone wp-image-363136 size-full\" src=\"http:\/\/futboltotal.com.mx\/wp-content\/uploads\/2016\/03\/1balotelli.jpg\" alt=\"1balotelli\" srcset=\"http:\/\/desarrollo.grupomedios.com\/futbol\/wp-content\/uploads\/2016\/03\/1balotelli.jpg 820w, http:\/\/desarrollo.grupomedios.com\/futbol\/wp-content\/uploads\/2016\/03\/1balotelli-300x128.jpg 300w, http:\/\/desarrollo.grupomedios.com\/futbol\/wp-content\/uploads\/2016\/03\/1balotelli-768x328.jpg 768w\" sizes=\"(max-width: 820px) 100vw, 820px\" \/><\/a><\/p>\n<p style=\"text-align: left;\"><span style=\"color: #ff0000;\"><strong>Adriano<\/strong> |<\/span> La ca\u00edda del Emperador<\/p>\n<p>En 2002, Ronaldo encabez\u00f3 al Brasil campe\u00f3n mundial. Luego, las lesiones minaron su rendimiento y dejaron al ataque <em>canarinho<\/em> hu\u00e9rfano de un punta temible\u2026 hasta que <strong>Adriano<\/strong> apareci\u00f3.<\/p>\n<p>Alto, fuerte, potente y zurdo, el carioca se march\u00f3 en 2001 -un a\u00f1o despu\u00e9s de debutar con el Flamengo- a Italia: luci\u00f3 con <em>Inter<\/em>, Fiorentina y Parma.<\/p>\n<p>Los <em>Nerazzurri<\/em> lo repescaron en 2004 y <em>El Emperador<\/em> reforz\u00f3 su fama de nuevo Ronaldo con goles en su club y el <em>Scratch<\/em>, con el que gan\u00f3 la Copa Am\u00e9rica 2004 y la Confederaciones 2005.<\/p>\n<p style=\"text-align: center;\"><span style=\"color: #3366ff;\"><strong><a style=\"color: #3366ff;\" href=\"http:\/\/futboltotal.com.mx\/2016\/01\/camisetas-o-tesoros\/\">LEER M\u00c1S: \u00bfCamisetas o tesoros?<\/a><\/strong><\/span><\/p>\n<p>Pero tras el Mundial de 2006 (el \u00fanico que jug\u00f3), su nivel y actividad cayeron dram\u00e1ticamente por culpa del alcohol y sus juergas imparables. \u00c9l atribuy\u00f3 aquello al fallecimiento de su padre, en 2004: \u201cMe deprim\u00ed, beb\u00eda lo que me pusieran delante\u201d.<\/p>\n<p>Aunque en 2007 afirm\u00f3 que se reformar\u00eda, nunca recuper\u00f3 su forma y altern\u00f3 cambios de club con m\u00e1s esc\u00e1ndalos -como ser relacionado con narcotraficantes brasile\u00f1os-, <a href=\"http:\/\/futboltotal.com.mx\/2016\/01\/adriano-regresa-al-futbol-jugara-en-miami-united\/\" target=\"_blank\">hasta llegar al Miami United de la cuarta divisi\u00f3n estadounidense,<\/a>\u00a0donde se supone que ser\u00e1 presentado el 10 de marzo.<\/p>\n<p><a href=\"http:\/\/futboltotal.com.mx\/wp-content\/uploads\/2016\/03\/1adriano.jpg\" rel=\"attachment wp-att-363137\"><img decoding=\"async\" loading=\"lazy\" class=\"alignnone wp-image-363137 size-full\" src=\"http:\/\/futboltotal.com.mx\/wp-content\/uploads\/2016\/03\/1adriano.jpg\" alt=\"1adriano\" srcset=\"http:\/\/desarrollo.grupomedios.com\/futbol\/wp-content\/uploads\/2016\/03\/1adriano.jpg 820w, http:\/\/desarrollo.grupomedios.com\/futbol\/wp-content\/uploads\/2016\/03\/1adriano-300x128.jpg 300w, http:\/\/desarrollo.grupomedios.com\/futbol\/wp-content\/uploads\/2016\/03\/1adriano-768x328.jpg 768w\" sizes=\"(max-width: 820px) 100vw, 820px\" \/><\/a><\/p>\n<p><span style=\"color: #ff0000;\"><strong>Ariel Ortega<\/strong> |<\/span> El 10 malogrado<\/p>\n<p>Bajito, menudo, t\u00e9cnico, gambetero. As\u00ed era <strong>Ariel Ortega<\/strong>, \u00eddolo de River Plate de los 90 que brill\u00f3 con Argentina e incursion\u00f3 en Espa\u00f1a, Italia y Turqu\u00eda. Desde su paso por Valencia (1997-98) se rumoraban sus problemas con la bebida; al final, esta no dej\u00f3 que explotara por completo su potencial, por el que llegaron a etiquetarlo como el heredero de Maradona -con quien estuvo en Estados Unidos 1994, primero de los tres Mundiales a los que fue-.<\/p>\n<p>El <em>Burrito<\/em> toc\u00f3 fondo en junio de 2008: previo a la \u00faltima fecha del Clausura, cuyo t\u00edtulo ya hab\u00eda asegurado River, lleg\u00f3 borracho a la concentraci\u00f3n, por lo que Diego Simeone, t\u00e9cnico del <em>Millo<\/em>, no lo autoriz\u00f3 a jugar. \u201cEntr\u00e1s a la cancha con el trofeo, pero vas al banco\u201d. <strong>Ortega<\/strong> se neg\u00f3 y el <em>Cholo<\/em> lo dej\u00f3 fuera del duelo.<\/p>\n<p>El tiempo le dio la raz\u00f3n al DT. Dos meses despu\u00e9s, tras una noche de fiesta y copas, Ariel choc\u00f3 su camioneta en una gasolinera. Por suerte sali\u00f3 ileso, pero Simeone decidi\u00f3 separarlo del equipo.<\/p>\n<p style=\"text-align: center;\"><strong><span style=\"color: #3366ff;\"><a style=\"color: #3366ff;\" href=\"http:\/\/futboltotal.com.mx\/2016\/02\/viajeros-del-banquillo-scolari-bradley-y-mas\/\" target=\"_blank\">LEER M\u00c1S: Scolari, Bradley y otros viajeros del banquillo<\/a><\/span><\/strong><\/p>\n<p>El enganche alarg\u00f3 su carrera hasta 2012, pero no alcanz\u00f3 nunca lo que su talento auguraba.<\/p>\n<p><a href=\"http:\/\/futboltotal.com.mx\/2016\/03\/363121\/1ortega\/\" rel=\"attachment wp-att-363176\"><img decoding=\"async\" loading=\"lazy\" class=\"aligncenter size-full wp-image-363176\" src=\"http:\/\/futboltotal.com.mx\/wp-content\/uploads\/2016\/03\/1ortega.jpg\" alt=\"1ortega\" srcset=\"http:\/\/desarrollo.grupomedios.com\/futbol\/wp-content\/uploads\/2016\/03\/1ortega.jpg 820w, http:\/\/desarrollo.grupomedios.com\/futbol\/wp-content\/uploads\/2016\/03\/1ortega-300x128.jpg 300w, http:\/\/desarrollo.grupomedios.com\/futbol\/wp-content\/uploads\/2016\/03\/1ortega-768x328.jpg 768w\" sizes=\"(max-width: 820px) 100vw, 820px\" \/><\/a><\/p>\n<p style=\"text-align: left;\"><span style=\"color: #ff0000;\"><strong>Paul Gascoigne<\/strong> |<\/span> Un drama ingl\u00e9s<\/p>\n<p>El 15 de junio de 1996, en los cuartos de final de la <em>Euro<\/em> en su casa, Inglaterra venci\u00f3 a Escocia. <strong>Paul Gascoigne<\/strong> hizo el 2-0 con una jugada de museo: sombrerito de zurda al borde del \u00e1rea, volea de derecha y el bal\u00f3n a la red.<\/p>\n<p>Antes hab\u00eda exhibido su talento para anotar y asistir con Newcastle, Tottenham y la Lazio, donde sus h\u00e1bitos fuera del campo le pasaron factura. Dino Zoff lo dirigi\u00f3 ah\u00ed y lo recuerda como un artista con p\u00e9simos h\u00e1bitos alimenticios: \u201cDesayunaba helado y almorzaba cerveza\u201d.<\/p>\n<p>Todo empeor\u00f3 en el Rangers escoc\u00e9s (1995-98). Empez\u00f3 a beber de forma incontrolable y a robar pastillas para dormir de la farmacia del club.<\/p>\n<p style=\"text-align: center;\"><span style=\"color: #3366ff;\"><strong><a style=\"color: #3366ff;\" href=\"http:\/\/futboltotal.com.mx\/2016\/02\/los-35-azules-un-cruz-azul-en-chile\/\">LEER M\u00c1S: Los 35 Azules: un Cruz Azul en Chile<\/a><\/strong><\/span><\/p>\n<p>Casi dos d\u00e9cadas despu\u00e9s de aquella soleada tarde en Wembley, el escenario para <strong><em>Gazza<\/em><\/strong> fue sombr\u00edo. <a href=\"http:\/\/futboltotal.com.mx\/2014\/08\/alcohol-acaba-con-gascoigne\/\" target=\"_blank\">En 2013 apareci\u00f3 tirado en la v\u00eda p\u00fablica, con aspecto mucho mayor de los 45 a\u00f1os que entonces ten\u00eda.<\/a><\/p>\n<p>Estren\u00f3 en 2015 un documental sobre su vida, en el que participan personajes como Jos\u00e9 Mourinho, quien se refiere como \u201cel mejor futbolista ingl\u00e9s\u201d que ha visto a Paul, que a\u00fan lucha contra su adicci\u00f3n.<\/p>\n<p><a href=\"http:\/\/futboltotal.com.mx\/2016\/03\/363121\/1gascoigne\/\" rel=\"attachment wp-att-363177\"><img decoding=\"async\" loading=\"lazy\" class=\"aligncenter size-full wp-image-363177\" src=\"http:\/\/futboltotal.com.mx\/wp-content\/uploads\/2016\/03\/1gascoigne.jpg\" alt=\"1gascoigne\" srcset=\"http:\/\/desarrollo.grupomedios.com\/futbol\/wp-content\/uploads\/2016\/03\/1gascoigne.jpg 820w, http:\/\/desarrollo.grupomedios.com\/futbol\/wp-content\/uploads\/2016\/03\/1gascoigne-300x128.jpg 300w, http:\/\/desarrollo.grupomedios.com\/futbol\/wp-content\/uploads\/2016\/03\/1gascoigne-768x328.jpg 768w\" sizes=\"(max-width: 820px) 100vw, 820px\" \/><\/a><\/p>\n<p>&nbsp;<\/p>\n<p><span style=\"color: #ff0000;\"><strong>Robinho<\/strong>\u00a0|<\/span> Una comparaci\u00f3n excesiva<\/p>\n<p>Era 2002 y el pueblo del <em>Peixe<\/em> vibraba con una idea: <strong>Robinho<\/strong> es el nuevo <em>Pel\u00e9<\/em>. Con talla y aspecto iguales, muchos pensaron que la capacidad tambi\u00e9n, como <em>Pepe<\/em>, ex compa\u00f1ero de Edson Arantes: \u201cTiene todo para serlo. Si el Madrid lo ficha, en dos a\u00f1os ser\u00e1 de los tres mejores del mundo\u201d.<\/p>\n<p><strong>Robson de Souza<\/strong> s\u00ed lleg\u00f3 al Madrid -2004-, pero nunca subi\u00f3 al mencionado podio y su estancia en el club fue entre rumores negativos: si lleg\u00f3 a entrenar oliendo a alcohol, si luego de un viaje para jugar con Brasil volvi\u00f3 tarde por una fiesta que \u00e9l organiz\u00f3\u2026<\/p>\n<p>No era el nuevo <em>O Rei<\/em>. En 2008 lleg\u00f3 al Manchester City como el fichaje m\u00e1s caro del futbol ingl\u00e9s hasta entonces -38.5 millones de euros-, pero ni ah\u00ed ni en el Mil\u00e1n la oruga se volvi\u00f3 mariposa.<\/p>\n<p style=\"text-align: center;\"><span style=\"color: #3366ff;\"><strong><a style=\"color: #3366ff;\" href=\"http:\/\/futboltotal.com.mx\/2016\/02\/chicharito-a-nada-de-recuperar-su-valor\/\">LEER M\u00c1S: Chicharito, cerca de recuperar su valor<\/a><\/strong><\/span><\/p>\n<p>Fuera por sus excesos -relacionados sobre todo con falta de disciplina- o porque las expectativas eran demasiado para sus reales posibilidades, aquel nuevo <em>Pel\u00e9<\/em> no pas\u00f3 de ser un talentoso futbolista que <a href=\"http:\/\/futboltotal.com.mx\/2016\/02\/robinho-refuerzo-del-atletico-mineiro\/\" target=\"_blank\">hoy, con 32 a\u00f1os, reci\u00e9n volvi\u00f3 a Brasil, con Atl\u00e9tico Mineiro<\/a>, luego de un poco brillante paso por la liga China, lejos de la \u00e9lite.<\/p>\n<p><a href=\"http:\/\/futboltotal.com.mx\/2016\/03\/363121\/1robinho\/\" rel=\"attachment wp-att-363178\"><img decoding=\"async\" loading=\"lazy\" class=\"aligncenter size-full wp-image-363178\" src=\"http:\/\/futboltotal.com.mx\/wp-content\/uploads\/2016\/03\/1robinho.jpg\" alt=\"1robinho\" srcset=\"http:\/\/desarrollo.grupomedios.com\/futbol\/wp-content\/uploads\/2016\/03\/1robinho.jpg 820w, http:\/\/desarrollo.grupomedios.com\/futbol\/wp-content\/uploads\/2016\/03\/1robinho-300x128.jpg 300w, http:\/\/desarrollo.grupomedios.com\/futbol\/wp-content\/uploads\/2016\/03\/1robinho-768x328.jpg 768w\" sizes=\"(max-width: 820px) 100vw, 820px\" \/><\/a><\/p>\n<p>&nbsp;<\/p>\n","protected":false},"excerpt":{"rendered":"<p>Eran grandes promesas, pero se desinflaron de forma dram\u00e1tica<\/p>\n","protected":false},"author":20,"featured_media":363134,"comment_status":"closed","ping_status":"closed","sticky":false,"template":"","format":"standard","meta":[],"categories":[5,3839,3848],"tags":[6002],"_links":{"self":[{"href":"http:\/\/desarrollo.grupomedios.com\/futbol\/wp-json\/wp\/v2\/posts\/363121"}],"collection":[{"href":"http:\/\/desarrollo.grupomedios.com\/futbol\/wp-json\/wp\/v2\/posts"}],"about":[{"href":"http:\/\/desarrollo.grupomedios.com\/futbol\/wp-json\/wp\/v2\/types\/post"}],"author":[{"embeddable":true,"href":"http:\/\/desarrollo.grupomedios.com\/futbol\/wp-json\/wp\/v2\/users\/20"}],"replies":[{"embeddable":true,"href":"http:\/\/desarrollo.grupomedios.com\/futbol\/wp-json\/wp\/v2\/comments?post=363121"}],"version-history":[{"count":0,"href":"http:\/\/desarrollo.grupomedios.com\/futbol\/wp-json\/wp\/v2\/posts\/363121\/revisions"}],"wp:featuredmedia":[{"embeddable":true,"href":"http:\/\/desarrollo.grupomedios.com\/futbol\/wp-json\/wp\/v2\/media\/363134"}],"wp:attachment":[{"href":"http:\/\/desarrollo.grupomedios.com\/futbol\/wp-json\/wp\/v2\/media?parent=363121"}],"wp:term":[{"taxonomy":"category","embeddable":true,"href":"http:\/\/desarrollo.grupomedios.com\/futbol\/wp-json\/wp\/v2\/categories?post=363121"},{"taxonomy":"post_tag","embeddable":true,"href":"http:\/\/desarrollo.grupomedios.com\/futbol\/wp-json\/wp\/v2\/tags?post=363121"}],"curies":[{"name":"wp","href":"https:\/\/api.w.org\/{rel}","templated":true}]}}