{"id":363146,"date":"2016-03-03T11:51:01","date_gmt":"2016-03-03T17:51:01","guid":{"rendered":"http:\/\/futboltotal.com.mx\/?p=363146"},"modified":"2016-03-03T11:51:01","modified_gmt":"2016-03-03T17:51:01","slug":"moises-munoz-saldra-pronto-del-america","status":"publish","type":"post","link":"http:\/\/desarrollo.grupomedios.com\/futbol\/futbol-mexicano\/moises-munoz-saldra-pronto-del-america\/2016\/03","title":{"rendered":"Mois\u00e9s Mu\u00f1oz, saldr\u00eda pronto del Am\u00e9rica"},"content":{"rendered":"<p><strong>Mois\u00e9s Mu\u00f1oz<\/strong> estar\u00eda viviendo sus \u00faltimos d\u00edas como jugador de las <a href=\"http:\/\/futboltotal.com.mx\/equipos\/america\/\" target=\"_blank\"><em>\u00c1guilas<\/em> del <strong>Am\u00e9rica<\/strong><\/a>. Seg\u00fan trasciende en diversos medios nacionales, la directica <em>azulcrema<\/em> no contempla la renovaci\u00f3n de <em>Moi<\/em>, quien ante ese panorama a buscar\u00eda llegar a la <strong>MLS<\/strong>.<\/p>\n<p>Cabe apuntar que a <strong>Mois\u00e9s Mu\u00f1oz<\/strong> s\u00f3lo le resta este a\u00f1o de contrato con <strong>Am\u00e9rica<\/strong>, instituci\u00f3n que m\u00e1s all\u00e1 de analizar la extensi\u00f3n del contrato del guardameta de 36 a\u00f1os, <a href=\"http:\/\/futboltotal.com.mx\/2016\/02\/alfredo-talavera-llegaria-al-america-en-el-verano\/\" target=\"_blank\">ha puesto sus ojos sobre Alfredo Talavera<\/a> e incluso se habla de una (\u00bflejana?) opci\u00f3n de repatriar a <em>Memo <\/em>Ochoa.<\/p>\n<p style=\"text-align: center;\"><span style=\"color: #3366ff;\"><strong><a style=\"color: #3366ff;\" href=\"http:\/\/futboltotal.com.mx\/2016\/03\/cuauhtemoc-blanco-ya-entrena-con-america\/\">LEER M\u00c1S: Cuauht\u00e9moc Blanco ya entrena con Am\u00e9rica<\/a><\/strong><\/span><\/p>\n<p>Sobre el destino de <em>Moi<\/em>, se apunta que tal es el cari\u00f1o que le ha tomado a las <em>\u00c1guilas<\/em>, escuadra a la que lleg\u00f3 en Clausura 2012, que no vestir\u00eda ninguna otra camiseta del futbol mexicano, por lo que <strong>Mu\u00f1oz<\/strong> voltear\u00eda a la liga de Estados Unidos.<\/p>\n<p>La partida de <strong>Mois\u00e9s Mu\u00f1oz<\/strong> del <em>Nido<\/em> se dar\u00eda en el pr\u00f3ximo mercado de transferencias, si es que <strong>Am\u00e9rica<\/strong> quiere obtener alguna ganancia por su carta, de lo contrario, en diciembre se ir\u00eda libre.<\/p>\n<p style=\"text-align: center;\"><span style=\"color: #3366ff;\"><strong><a style=\"color: #3366ff;\" href=\"http:\/\/futboltotal.com.mx\/2016\/03\/semifinales-de-concachampions-completamente-mx\/\">LEER M\u00c1S: Semifinales de Concachampions, completamente MX<\/a><\/strong><\/span><\/p>\n<p>Con\u00a0el cuadro americanista, <em>Moi<\/em> <strong>Mu\u00f1oz<\/strong> contabiliza dos t\u00edtulos de liga, destacando que en la Final de Clausura 2013 marc\u00f3 el gol en los \u00faltimos segundos del partido, tanto que a la postre permiti\u00f3 que las <em>\u00c1guilas<\/em> levantar\u00e1n el t\u00edtulo.<\/p>\n","protected":false},"excerpt":{"rendered":"<p>El portero mexicano le apuntar\u00eda a la MLS<\/p>\n","protected":false},"author":20,"featured_media":363147,"comment_status":"closed","ping_status":"closed","sticky":false,"template":"","format":"standard","meta":[],"categories":[2198,3845,5950],"tags":[5959,635],"_links":{"self":[{"href":"http:\/\/desarrollo.grupomedios.com\/futbol\/wp-json\/wp\/v2\/posts\/363146"}],"collection":[{"href":"http:\/\/desarrollo.grupomedios.com\/futbol\/wp-json\/wp\/v2\/posts"}],"about":[{"href":"http:\/\/desarrollo.grupomedios.com\/futbol\/wp-json\/wp\/v2\/types\/post"}],"author":[{"embeddable":true,"href":"http:\/\/desarrollo.grupomedios.com\/futbol\/wp-json\/wp\/v2\/users\/20"}],"replies":[{"embeddable":true,"href":"http:\/\/desarrollo.grupomedios.com\/futbol\/wp-json\/wp\/v2\/comments?post=363146"}],"version-history":[{"count":0,"href":"http:\/\/desarrollo.grupomedios.com\/futbol\/wp-json\/wp\/v2\/posts\/363146\/revisions"}],"wp:featuredmedia":[{"embeddable":true,"href":"http:\/\/desarrollo.grupomedios.com\/futbol\/wp-json\/wp\/v2\/media\/363147"}],"wp:attachment":[{"href":"http:\/\/desarrollo.grupomedios.com\/futbol\/wp-json\/wp\/v2\/media?parent=363146"}],"wp:term":[{"taxonomy":"category","embeddable":true,"href":"http:\/\/desarrollo.grupomedios.com\/futbol\/wp-json\/wp\/v2\/categories?post=363146"},{"taxonomy":"post_tag","embeddable":true,"href":"http:\/\/desarrollo.grupomedios.com\/futbol\/wp-json\/wp\/v2\/tags?post=363146"}],"curies":[{"name":"wp","href":"https:\/\/api.w.org\/{rel}","templated":true}]}}