{"id":363262,"date":"2016-03-03T18:13:44","date_gmt":"2016-03-04T00:13:44","guid":{"rendered":"http:\/\/futboltotal.com.mx\/?p=363262"},"modified":"2016-03-03T18:17:32","modified_gmt":"2016-03-04T00:17:32","slug":"le-doy-gracias-a-louis-van-gaal-chicharito","status":"publish","type":"post","link":"http:\/\/desarrollo.grupomedios.com\/futbol\/destacado-home\/le-doy-gracias-a-louis-van-gaal-chicharito\/2016\/03","title":{"rendered":"Le doy gracias a Van Gaal: Chicharito"},"content":{"rendered":"<p>El delantero del Bayer Leverkusen, <strong>Javier el Chicharito Hern\u00e1ndez<\/strong>, declar\u00f3 en una entrevista, que no guarda resentimientos hacia el estratega del <strong>Manchester United<\/strong>, <strong>Louis Van Gaal<\/strong>, principal responsable de la salida del mexicano de los <em>Red Devils<\/em>.<\/p>\n<p><strong>Chicharito<\/strong> explica que est\u00e1 agradecido con <strong>Louis Van Gaal<\/strong> por haber sido honesto sobre el estatus del futbolista en el <strong>Manchester United<\/strong>; de est\u00e1 forma el delantero pudo tomar la decisi\u00f3n de partir al Bayer Leverkusen, equipo donde ha recuperado su nivel.<\/p>\n<p>&#8220;Desde luego que decepciona que cualquier persona en el mundo no te d\u00e9 el ciento\u00a0por ciento de confianza, pero le di las gracias frente a su cara y lo hago ahora porque fue muy honesto al decirme que si llegaba una buena oferta que le gustara al club y a m\u00ed, \u00e9l estar\u00eda feliz en dejarme ir&#8221;, se\u00f1al\u00f3 <strong>Chicharito<\/strong>, en entrevista con la cadena <em>BBC<\/em>.<\/p>\n<p style=\"text-align: center;\"><span style=\"color: #3366ff;\"><strong><a style=\"color: #3366ff;\" href=\"http:\/\/futboltotal.com.mx\/2016\/02\/gignac-y-chicharito-entre-los-futbolistas-mas-importantes-del-mundo\/\" target=\"_blank\">LEER M\u00c1S: Chicharito, entre los jugadores m\u00e1s importantes del mundo<\/a><\/strong><\/span><\/p>\n<p>En esa misma conversaci\u00f3n, <strong>Chicharito<\/strong> considera que el mejor director t\u00e9cnico que ha tenido es Sir Alex Ferguson, no s\u00f3lo por la ense\u00f1anza, sino por ser quien le dio la oportunidad de cumplir uno de sus objetivos m\u00e1s grandes; por ello le guarda respeto y aprecio.<\/p>\n<p>&#8220;Para m\u00ed es el mejor, me dio la oportunidad de hacer mi sue\u00f1o realidad, primeramente por jugar en Europa y luego, en uno de los clubes m\u00e1s grandes de toda la historia del futbol, as\u00ed que estoy muy contento por eso, siempre lo digo delante y detr\u00e1s de las c\u00e1maras que para m\u00ed Sir Alex Ferguson es una persona muy importante en mi vida&#8221;, sentenci\u00f3 <strong>Chicharito<\/strong>.<\/p>\n","protected":false},"excerpt":{"rendered":"<p>El mexicano no tiene resentimientos hacia el estratega holand\u00e9s<\/p>\n","protected":false},"author":20,"featured_media":363271,"comment_status":"closed","ping_status":"closed","sticky":false,"template":"","format":"standard","meta":[],"categories":[5,3839,6822],"tags":[4335,120,780,43],"_links":{"self":[{"href":"http:\/\/desarrollo.grupomedios.com\/futbol\/wp-json\/wp\/v2\/posts\/363262"}],"collection":[{"href":"http:\/\/desarrollo.grupomedios.com\/futbol\/wp-json\/wp\/v2\/posts"}],"about":[{"href":"http:\/\/desarrollo.grupomedios.com\/futbol\/wp-json\/wp\/v2\/types\/post"}],"author":[{"embeddable":true,"href":"http:\/\/desarrollo.grupomedios.com\/futbol\/wp-json\/wp\/v2\/users\/20"}],"replies":[{"embeddable":true,"href":"http:\/\/desarrollo.grupomedios.com\/futbol\/wp-json\/wp\/v2\/comments?post=363262"}],"version-history":[{"count":0,"href":"http:\/\/desarrollo.grupomedios.com\/futbol\/wp-json\/wp\/v2\/posts\/363262\/revisions"}],"wp:featuredmedia":[{"embeddable":true,"href":"http:\/\/desarrollo.grupomedios.com\/futbol\/wp-json\/wp\/v2\/media\/363271"}],"wp:attachment":[{"href":"http:\/\/desarrollo.grupomedios.com\/futbol\/wp-json\/wp\/v2\/media?parent=363262"}],"wp:term":[{"taxonomy":"category","embeddable":true,"href":"http:\/\/desarrollo.grupomedios.com\/futbol\/wp-json\/wp\/v2\/categories?post=363262"},{"taxonomy":"post_tag","embeddable":true,"href":"http:\/\/desarrollo.grupomedios.com\/futbol\/wp-json\/wp\/v2\/tags?post=363262"}],"curies":[{"name":"wp","href":"https:\/\/api.w.org\/{rel}","templated":true}]}}