{"id":363327,"date":"2016-03-04T08:20:51","date_gmt":"2016-03-04T14:20:51","guid":{"rendered":"http:\/\/futboltotal.com.mx\/?p=363327"},"modified":"2016-03-04T08:22:33","modified_gmt":"2016-03-04T14:22:33","slug":"fabio-capello-critica-a-cristiano-ronaldo","status":"publish","type":"post","link":"http:\/\/desarrollo.grupomedios.com\/futbol\/futbol-internacional\/fabio-capello-critica-a-cristiano-ronaldo\/2016\/03","title":{"rendered":"Fabio Capello critica a Cristiano Ronaldo"},"content":{"rendered":"<p>Las palabras de <strong>Cristiano Ronaldo<\/strong> tras la derrota en el derbi ante el Atl\u00e9tico de Madrid todav\u00eda generan opiniones en torno a figuras del futbol. El \u00faltimo en dar su opini\u00f3n sobre el portugu\u00e9s ha sido Fabio Capello.<\/p>\n<p style=\"text-align: center;\"><span style=\"color: #3366ff;\"><strong><a style=\"color: #3366ff;\" href=\"http:\/\/futboltotal.com.mx\/2016\/03\/real-madrid-sufre-pero-sonrie-ante-levante\/\">LEER M\u00c1S: Real Madrid sufre pero sonr\u00ede ante Levante.<\/a><\/strong><\/span><\/p>\n<p>El t\u00e9cnico italiano entiende las palabras de <strong>Cristiano<\/strong> en las que dec\u00eda: &#8220;Si todos estuvieran a mi nivel, ir\u00edamos los primeros&#8221;. Para el t\u00e9cnico italiano hay jugadores blancos que quiz\u00e1s no deber\u00edan vestir la camiseta. \u201cTal vez tengamos que estar de acuerdo con Cristiano y decir que algunos jugadores no son para el Real Madrid\u201d, expres\u00f3 para la cadena <em>Fox<\/em>.<\/p>\n<p>Aunque inmediatamente despu\u00e9s pidi\u00f3 al portugu\u00e9s que antes de hablar con la prensa hiciera autocr\u00edtica porque tuvo ocasiones para dar la vuelta al marcador. \u201cAl mismo tiempo, Cristiano fall\u00f3 dos ocasiones cruciales contra el Atl\u00e9tico de Madrid, as\u00ed que antes de hablar tal vez tuviera que hacer examen de conciencia\u201d.<\/p>\n<p style=\"text-align: center;\"><span style=\"color: #3366ff;\"><strong><a style=\"color: #3366ff;\" href=\"http:\/\/futboltotal.com.mx\/2016\/03\/allegri-como-sustituto-de-zidane-en-real-madrid-en-caso-de-fracaso\/\">LEER M\u00c1S: Le buscan sustituto a Zidane con Real Madrid.<\/a><\/strong><\/span><\/p>\n","protected":false},"excerpt":{"rendered":"<p>El exestratega del Real Madrid tambi\u00e9n recalc\u00f3 que hay jugadores que no son para el club <\/p>\n","protected":false},"author":20,"featured_media":363338,"comment_status":"closed","ping_status":"closed","sticky":false,"template":"","format":"standard","meta":[],"categories":[3839,3844,5951],"tags":[6013,3691,5988],"_links":{"self":[{"href":"http:\/\/desarrollo.grupomedios.com\/futbol\/wp-json\/wp\/v2\/posts\/363327"}],"collection":[{"href":"http:\/\/desarrollo.grupomedios.com\/futbol\/wp-json\/wp\/v2\/posts"}],"about":[{"href":"http:\/\/desarrollo.grupomedios.com\/futbol\/wp-json\/wp\/v2\/types\/post"}],"author":[{"embeddable":true,"href":"http:\/\/desarrollo.grupomedios.com\/futbol\/wp-json\/wp\/v2\/users\/20"}],"replies":[{"embeddable":true,"href":"http:\/\/desarrollo.grupomedios.com\/futbol\/wp-json\/wp\/v2\/comments?post=363327"}],"version-history":[{"count":0,"href":"http:\/\/desarrollo.grupomedios.com\/futbol\/wp-json\/wp\/v2\/posts\/363327\/revisions"}],"wp:featuredmedia":[{"embeddable":true,"href":"http:\/\/desarrollo.grupomedios.com\/futbol\/wp-json\/wp\/v2\/media\/363338"}],"wp:attachment":[{"href":"http:\/\/desarrollo.grupomedios.com\/futbol\/wp-json\/wp\/v2\/media?parent=363327"}],"wp:term":[{"taxonomy":"category","embeddable":true,"href":"http:\/\/desarrollo.grupomedios.com\/futbol\/wp-json\/wp\/v2\/categories?post=363327"},{"taxonomy":"post_tag","embeddable":true,"href":"http:\/\/desarrollo.grupomedios.com\/futbol\/wp-json\/wp\/v2\/tags?post=363327"}],"curies":[{"name":"wp","href":"https:\/\/api.w.org\/{rel}","templated":true}]}}