{"id":363430,"date":"2016-03-04T13:42:08","date_gmt":"2016-03-04T19:42:08","guid":{"rendered":"http:\/\/futboltotal.com.mx\/?p=363430"},"modified":"2016-03-04T13:44:06","modified_gmt":"2016-03-04T19:44:06","slug":"mexico-levantara-la-mano-tercer-mundial-decio-maria","status":"publish","type":"post","link":"http:\/\/desarrollo.grupomedios.com\/futbol\/destacado-home\/mexico-levantara-la-mano-tercer-mundial-decio-maria\/2016\/03","title":{"rendered":"M\u00e9xico, por un tercer Mundial: Decio de Mar\u00eda"},"content":{"rendered":"<p><strong>Decio de Mar\u00eda<\/strong> ha entablado varias conversaciones a lo largo de los \u00faltimos meses con Gianni Infantino. Su buena relaci\u00f3n puede resultar el trampol\u00edn perfecto para que M\u00e9xico albergue un nuevo Mundial y en el\u00a0pr\u00f3ximo Congreso de la FIFA ser\u00e1 uno de los temas a tratar con m\u00e1s insistencia.<\/p>\n<p>&#8220;Nosotros cuando se abra el proceso dentro de la FIFA para la asignaci\u00f3n del <strong>Mundial 2026<\/strong>, M\u00e9xico va a estar presente&#8221;, esas fueron las palabras del Presidente de la FMF, que busca que el pa\u00eds sea anfitri\u00f3n en una tercera cita mundialista, con lo que se convertir\u00eda en la primer naci\u00f3n en llevar a cabo en tres ocasiones el evento.<\/p>\n<p style=\"text-align: center;\"><span style=\"color: #3366ff;\"><strong><a style=\"color: #3366ff;\" href=\"http:\/\/futboltotal.com.mx\/2016\/03\/adidas-presenta-nuevo-uniforme-la-seleccion-mexicana\/\">LEER M\u00c1S: adidas presenta uniforme de la Selecci\u00f3n Mexicana.<\/a><\/strong><\/span><\/p>\n<p>&#8220;El Mundial es la fiesta del mundo, el Mundial abre las puertas a todos los ciudadanos del mundo. Saben lo que significa un Mundial, m\u00e1s all\u00e1 de lo que se juega en el terreno de juego y siempre ser anfitri\u00f3n de la fiesta m\u00e1s grande del mundo, es un honor y significa mucho para el pa\u00eds, significa un compromiso de organizaci\u00f3n muy importante y creo que la mayor\u00eda de los mexicanos se sentir\u00edan muy orgullosos de ser organizadores de un tercer Mundial y en ese sentido, en su momento, M\u00e9xico levantar\u00e1 la mano y seguir\u00e1 el procedimiento que FIFA decida para buscar ese objetivo&#8221;,\u00a0recalc\u00f3 Dec\u00edo de Mar\u00eda.<\/p>\n<p>El primer gran evento FIFA que viene a M\u00e9xico es el Congreso que se realizar\u00e1 en mayo de este a\u00f1o en la Ciudad de M\u00e9xico y en el que estar\u00e1 presente Gianni Infantino, nuevo presidente del organismo rector del futbol.<\/p>\n<p>&#8220;Tuve oportunidad de platicar con \u00e9l y creo que como lo han visto, es un amante del futbol y es un objetivo que la Federaci\u00f3n comparte. Sobre el Congreso ir\u00e9 de nuevo dentro de 10 d\u00edas y hablaremos de los diferentes momentos del Congreso&#8221;, explic\u00f3, adem\u00e1s de que record\u00f3 que ser\u00e1 cuando se elija tambi\u00e9n al nuevo presidente de CONCACAF.<\/p>\n<p style=\"text-align: center;\"><strong><span style=\"color: #3366ff;\"><a style=\"color: #3366ff;\" href=\"http:\/\/futboltotal.com.mx\/2016\/03\/giovani-alan-pulido-regreso-al-tri\/\">LEER M\u00c1S: Giovani y Pulido, con la puerta abierta en el Tri.<\/a><\/span><\/strong><\/p>\n","protected":false},"excerpt":{"rendered":"<p>Se lanzar\u00e1 la candidatura para tener el Mundial del 2026 en el pa\u00eds <\/p>\n","protected":false},"author":20,"featured_media":363433,"comment_status":"closed","ping_status":"closed","sticky":false,"template":"","format":"standard","meta":[],"categories":[5,3847],"tags":[956,133,5979],"_links":{"self":[{"href":"http:\/\/desarrollo.grupomedios.com\/futbol\/wp-json\/wp\/v2\/posts\/363430"}],"collection":[{"href":"http:\/\/desarrollo.grupomedios.com\/futbol\/wp-json\/wp\/v2\/posts"}],"about":[{"href":"http:\/\/desarrollo.grupomedios.com\/futbol\/wp-json\/wp\/v2\/types\/post"}],"author":[{"embeddable":true,"href":"http:\/\/desarrollo.grupomedios.com\/futbol\/wp-json\/wp\/v2\/users\/20"}],"replies":[{"embeddable":true,"href":"http:\/\/desarrollo.grupomedios.com\/futbol\/wp-json\/wp\/v2\/comments?post=363430"}],"version-history":[{"count":0,"href":"http:\/\/desarrollo.grupomedios.com\/futbol\/wp-json\/wp\/v2\/posts\/363430\/revisions"}],"wp:featuredmedia":[{"embeddable":true,"href":"http:\/\/desarrollo.grupomedios.com\/futbol\/wp-json\/wp\/v2\/media\/363433"}],"wp:attachment":[{"href":"http:\/\/desarrollo.grupomedios.com\/futbol\/wp-json\/wp\/v2\/media?parent=363430"}],"wp:term":[{"taxonomy":"category","embeddable":true,"href":"http:\/\/desarrollo.grupomedios.com\/futbol\/wp-json\/wp\/v2\/categories?post=363430"},{"taxonomy":"post_tag","embeddable":true,"href":"http:\/\/desarrollo.grupomedios.com\/futbol\/wp-json\/wp\/v2\/tags?post=363430"}],"curies":[{"name":"wp","href":"https:\/\/api.w.org\/{rel}","templated":true}]}}