{"id":363512,"date":"2016-03-05T09:12:52","date_gmt":"2016-03-05T15:12:52","guid":{"rendered":"http:\/\/futboltotal.com.mx\/?p=363512"},"modified":"2016-03-05T10:09:44","modified_gmt":"2016-03-05T16:09:44","slug":"hermanos-jugaron-juntos","status":"publish","type":"post","link":"http:\/\/desarrollo.grupomedios.com\/futbol\/destacado-home\/hermanos-jugaron-juntos\/2016\/03","title":{"rendered":"Hermanos que jugaron juntos en el mismo club"},"content":{"rendered":"<p><span style=\"color: #000000;\">El futbol cuenta con situaciones peculiares que lo hacen un deporte imperdible por las pasiones que desata. Dentro de esas motivaciones que atrae se encuentran las de los <strong>hermanos que jugaron juntos en el mismo club<\/strong>. <strong>Futbol Total<\/strong> recuerda algunos t\u00e1ndems entre los que destaca el futbolista de Monterrey,<\/span> <strong><span style=\"color: #3366ff;\"><a style=\"color: #3366ff;\" href=\"http:\/\/futboltotal.com.mx\/2016\/03\/duelo-cracks-gignac-vs-funes-mori\/\">Rogelio Funes Mori<\/a><\/span><span style=\"color: #000000;\">, <\/span><\/strong><span style=\"color: #000000;\">y su mellizo, Ramiro<\/span><strong><span style=\"color: #000000;\">.\u00a0<\/span><\/strong><\/p>\n<p><span style=\"color: #ff0000;\">Gary y Phil Neville<\/span> |<span style=\"color: #000000;\">\u00a0Los hermanos Neville tienen dos a\u00f1os de diferencia y conformaron la defensa del Manchester United Campe\u00f3n de Europa 1999. Despu\u00e9s\u00a0ambos se enfrentaron con Gary jugando con los Diablos Rojos y Phil en el Everton. No solo compartieron vestuario en Old Trafford, durante muchos a\u00f1os fueron indiscutibles en la selecci\u00f3n de Inglaterra.<\/span><\/p>\n<p style=\"text-align: center;\"><a href=\"http:\/\/futboltotal.com.mx\/wp-content\/uploads\/2016\/03\/Hermanos-Neville-.jpg\" rel=\"attachment wp-att-363622\"><img decoding=\"async\" loading=\"lazy\" class=\"alignnone size-full wp-image-363622\" src=\"http:\/\/futboltotal.com.mx\/wp-content\/uploads\/2016\/03\/Hermanos-Neville-.jpg\" alt=\"Hermanos Neville\" srcset=\"http:\/\/desarrollo.grupomedios.com\/futbol\/wp-content\/uploads\/2016\/03\/Hermanos-Neville-.jpg 820w, http:\/\/desarrollo.grupomedios.com\/futbol\/wp-content\/uploads\/2016\/03\/Hermanos-Neville--300x128.jpg 300w, http:\/\/desarrollo.grupomedios.com\/futbol\/wp-content\/uploads\/2016\/03\/Hermanos-Neville--768x328.jpg 768w\" sizes=\"(max-width: 820px) 100vw, 820px\" \/><\/a><\/p>\n<p><span style=\"color: #ff0000;\">Ronald y Erwin Koeman<\/span> | C<span style=\"color: #000000;\">oincidieron en el Groningen de Holanda en la temporada 1982-83. Tiempo despu\u00e9s salieron campeones de la Eurocopa con la Naranja Mec\u00e1nica en 1988. Sin dudas el hermanos que m\u00e1s destac\u00f3 fue Ronald qui\u00e9n la rompi\u00f3 en el Barcelona y le dio su primera Champions League, adem\u00e1s de ser uno de los referentes con su cinta de capit\u00e1n.\u00a0<\/span><\/p>\n<div id=\"attachment_363624\" style=\"width: 830px\" class=\"wp-caption aligncenter\"><a href=\"http:\/\/futboltotal.com.mx\/wp-content\/uploads\/2016\/03\/Hermanos-Koeman-.jpg\" rel=\"attachment wp-att-363624\"><img aria-describedby=\"caption-attachment-363624\" decoding=\"async\" loading=\"lazy\" class=\"wp-image-363624 size-full\" src=\"http:\/\/futboltotal.com.mx\/wp-content\/uploads\/2016\/03\/Hermanos-Koeman-.jpg\" alt=\"Hermanos Koeman\" srcset=\"http:\/\/desarrollo.grupomedios.com\/futbol\/wp-content\/uploads\/2016\/03\/Hermanos-Koeman-.jpg 820w, http:\/\/desarrollo.grupomedios.com\/futbol\/wp-content\/uploads\/2016\/03\/Hermanos-Koeman--300x131.jpg 300w, http:\/\/desarrollo.grupomedios.com\/futbol\/wp-content\/uploads\/2016\/03\/Hermanos-Koeman--768x335.jpg 768w\" sizes=\"(max-width: 820px) 100vw, 820px\" \/><\/a><p id=\"caption-attachment-363624\" class=\"wp-caption-text\">En el ocaso de sus carreras. Erwin con el Groningen y Ronald con el Feyernood.<\/p><\/div>\n<p><span style=\"color: #ff0000;\">Yaya y Kolo Toure<\/span> | <span style=\"color: #000000;\">Tienen dos a\u00f1os de diferencia siendo Kolo el mayor. Ambos compartieron en Manchester City durante tres temporadas (de 2010 a 2013) y pudieron celebrar el t\u00edtulo de Premier League en la campa\u00f1a 2011-2012. Destacan por su versatilidad y buen juego asociado: Yaya el menor, con estupendo golpeo de pelota y desempe\u00f1ando el papel de medio de recuperaci\u00f3n o creadro; su hermano Kolo, el mayor, puede ocupar cualquier puesto en defensa. Los Toure tambi\u00e9n se encontraron en el combinado mayor de Costa de Marfil, donde llevan tres Mundiales disputados.<\/span><\/p>\n<p><a href=\"http:\/\/futboltotal.com.mx\/wp-content\/uploads\/2016\/03\/Hermanos-Toure.jpg\" rel=\"attachment wp-att-363625\"><img decoding=\"async\" loading=\"lazy\" class=\"size-full wp-image-363625 aligncenter\" src=\"http:\/\/futboltotal.com.mx\/wp-content\/uploads\/2016\/03\/Hermanos-Toure.jpg\" alt=\"Hermanos Toure\" srcset=\"http:\/\/desarrollo.grupomedios.com\/futbol\/wp-content\/uploads\/2016\/03\/Hermanos-Toure.jpg 820w, http:\/\/desarrollo.grupomedios.com\/futbol\/wp-content\/uploads\/2016\/03\/Hermanos-Toure-300x128.jpg 300w, http:\/\/desarrollo.grupomedios.com\/futbol\/wp-content\/uploads\/2016\/03\/Hermanos-Toure-768x329.jpg 768w\" sizes=\"(max-width: 820px) 100vw, 820px\" \/><\/a><\/p>\n<p><span style=\"color: #ff0000;\">Hamit y Halil Altintop<\/span> |\u00a0<span style=\"color: #000000;\">Estos hermanos nacidos en Alemania, representan a la gran cantidad de inmigrantes turcos que hay en el pa\u00eds europeo. Ambos coincidieron en el SG Wattenscheid 09 de\u00a02000 a 2003 y en Schalke 04 en la temporada 2006-2007. Los Altintop tambi\u00e9n coincidieron en varias ocasiones con la selecci\u00f3n de Turqu\u00eda.\u00a0<\/span><\/p>\n<p><a href=\"http:\/\/futboltotal.com.mx\/wp-content\/uploads\/2016\/03\/Hermanos-Altintop-.jpg\" rel=\"attachment wp-att-363626\"><img decoding=\"async\" loading=\"lazy\" class=\"size-full wp-image-363626 aligncenter\" src=\"http:\/\/futboltotal.com.mx\/wp-content\/uploads\/2016\/03\/Hermanos-Altintop-.jpg\" alt=\"Hermanos Altintop\" srcset=\"http:\/\/desarrollo.grupomedios.com\/futbol\/wp-content\/uploads\/2016\/03\/Hermanos-Altintop-.jpg 820w, http:\/\/desarrollo.grupomedios.com\/futbol\/wp-content\/uploads\/2016\/03\/Hermanos-Altintop--300x128.jpg 300w, http:\/\/desarrollo.grupomedios.com\/futbol\/wp-content\/uploads\/2016\/03\/Hermanos-Altintop--768x329.jpg 768w\" sizes=\"(max-width: 820px) 100vw, 820px\" \/><\/a><\/p>\n<p><span style=\"color: #ff0000;\">Frank y Ronald de Boer<\/span> | <span style=\"color: #000000;\">Los\u00a0gemelos fueron parte del gran Ajax de los 90\u2019s jugando con Kluivert, Seedorf y Rijkaard. Coincidieron en dos etapas: del 88 al 91 y del 93 al 98 con los Ajaccied, pues Ronald de Boer cont\u00f3 con un periplo intermedio con el Twente. Para 1998 los dos fueron un pedido de Van Gaal para el Barcelona. Tambi\u00e9n jugaron en la Naranja Mec\u00e1nica, en los Mundiales de 1994 y 1998.\u00a0<\/span><\/p>\n<p><a href=\"http:\/\/futboltotal.com.mx\/wp-content\/uploads\/2016\/03\/Hermanos-de-Boer-.jpg\" rel=\"attachment wp-att-363627\"><img decoding=\"async\" loading=\"lazy\" class=\"aligncenter wp-image-363627 size-full\" src=\"http:\/\/futboltotal.com.mx\/wp-content\/uploads\/2016\/03\/Hermanos-de-Boer-.jpg\" alt=\"arkiv, Frank og Ronald de Boer. \/Ritzau 21.10.2009 10:39 \/ I en ny bog om Morten Olsen indr\u00f8mmer Ronald de Boer, at han og broderen Frank l\u00f8j om Morten Olsens tr\u00e6ning i Ajax. Kritikken var med til at f\u00e5 danskeren fyret. p\u00e5 arkivbilledet, MAD01:SPORT-SOCCER-SPAIN:BARCELONA,SPAIN,18JAN99 - FC Barcelona s new Dutch twin players Frank (R) and Ronald de Boer pose with Spanish champions shirts at Camp Nou stadium January 18. The brothers,who signed a three years contract,thanked the club for their unwavering support. sp\/\/Photo by Gustau Nacarino REUTERS. (Foto: GUSTAU NACARINO\/Scanpix 2009)\" srcset=\"http:\/\/desarrollo.grupomedios.com\/futbol\/wp-content\/uploads\/2016\/03\/Hermanos-de-Boer-.jpg 822w, http:\/\/desarrollo.grupomedios.com\/futbol\/wp-content\/uploads\/2016\/03\/Hermanos-de-Boer--300x128.jpg 300w, http:\/\/desarrollo.grupomedios.com\/futbol\/wp-content\/uploads\/2016\/03\/Hermanos-de-Boer--768x327.jpg 768w\" sizes=\"(max-width: 822px) 100vw, 822px\" \/><\/a><\/p>\n<p><span style=\"color: #ff0000;\">Paolo y Fabio Cannavaro<\/span> |\u00a0<span style=\"color: #000000;\">Los hermanos Cannavaro nacidos y criados en N\u00e1poles e hinchas fan\u00e1ticos del ex equipo de Maradona. Ambos formaron parte del mejor equipo del Parma de todos los tiempos, ganadores de dos Copa UEFA a fines de los 90\u2019s .<\/span><\/p>\n<p><a href=\"http:\/\/futboltotal.com.mx\/wp-content\/uploads\/2016\/03\/Hermanos-Cannavaro-.jpg\" rel=\"attachment wp-att-363628\"><img decoding=\"async\" loading=\"lazy\" class=\"size-full wp-image-363628 aligncenter\" src=\"http:\/\/futboltotal.com.mx\/wp-content\/uploads\/2016\/03\/Hermanos-Cannavaro-.jpg\" alt=\"Hermanos Cannavaro\" srcset=\"http:\/\/desarrollo.grupomedios.com\/futbol\/wp-content\/uploads\/2016\/03\/Hermanos-Cannavaro-.jpg 820w, http:\/\/desarrollo.grupomedios.com\/futbol\/wp-content\/uploads\/2016\/03\/Hermanos-Cannavaro--300x128.jpg 300w, http:\/\/desarrollo.grupomedios.com\/futbol\/wp-content\/uploads\/2016\/03\/Hermanos-Cannavaro--768x329.jpg 768w\" sizes=\"(max-width: 820px) 100vw, 820px\" \/><\/a><\/p>\n<p><span style=\"color: #ff0000;\">Ramiro y Rogelio Funes Mori<\/span> | <span style=\"color: #000000;\">Los mellizos coincidieron en River Plate, el club donde nacieron, de 2011 a 2013. Rogelio, futbolista de Monterrey debut\u00f3 en 2009 y para 2013 dio el salto al Viejo Continente con Benfica. Mientras, su hermano, el a\u00f1o anterior fich\u00f3 con el Everton.\u00a0<\/span><\/p>\n<p style=\"text-align: center;\"><a href=\"http:\/\/futboltotal.com.mx\/wp-content\/uploads\/2016\/03\/Hermanos-Funes-Mori.jpg\" rel=\"attachment wp-att-363629\"><img decoding=\"async\" loading=\"lazy\" class=\"alignnone size-full wp-image-363629\" src=\"http:\/\/futboltotal.com.mx\/wp-content\/uploads\/2016\/03\/Hermanos-Funes-Mori.jpg\" alt=\"Hermanos Funes Mori\" srcset=\"http:\/\/desarrollo.grupomedios.com\/futbol\/wp-content\/uploads\/2016\/03\/Hermanos-Funes-Mori.jpg 820w, http:\/\/desarrollo.grupomedios.com\/futbol\/wp-content\/uploads\/2016\/03\/Hermanos-Funes-Mori-300x129.jpg 300w, http:\/\/desarrollo.grupomedios.com\/futbol\/wp-content\/uploads\/2016\/03\/Hermanos-Funes-Mori-768x331.jpg 768w\" sizes=\"(max-width: 820px) 100vw, 820px\" \/><\/a><\/p>\n<p style=\"text-align: center;\"><strong><span style=\"color: #3366ff;\"><a style=\"color: #3366ff;\" href=\"http:\/\/futboltotal.com.mx\/2016\/01\/5-futbolistas-en-la-sombra-de-sus-hermanos\/\">LEER M\u00c1S: 5 futbolistas a la sombra de sus hermanos.<\/a><\/span><\/strong><\/p>\n<p>&nbsp;<\/p>\n","protected":false},"excerpt":{"rendered":"<p>Destacamos a los que consiguieron pertenecer al mismo club y, algunos casos, tambi\u00e9n selecci\u00f3n <\/p>\n","protected":false},"author":20,"featured_media":363511,"comment_status":"closed","ping_status":"closed","sticky":false,"template":"","format":"standard","meta":[],"categories":[5,3839],"tags":[6863,3641,6861,3135,6862,4677,3134,6597,6068],"_links":{"self":[{"href":"http:\/\/desarrollo.grupomedios.com\/futbol\/wp-json\/wp\/v2\/posts\/363512"}],"collection":[{"href":"http:\/\/desarrollo.grupomedios.com\/futbol\/wp-json\/wp\/v2\/posts"}],"about":[{"href":"http:\/\/desarrollo.grupomedios.com\/futbol\/wp-json\/wp\/v2\/types\/post"}],"author":[{"embeddable":true,"href":"http:\/\/desarrollo.grupomedios.com\/futbol\/wp-json\/wp\/v2\/users\/20"}],"replies":[{"embeddable":true,"href":"http:\/\/desarrollo.grupomedios.com\/futbol\/wp-json\/wp\/v2\/comments?post=363512"}],"version-history":[{"count":0,"href":"http:\/\/desarrollo.grupomedios.com\/futbol\/wp-json\/wp\/v2\/posts\/363512\/revisions"}],"wp:featuredmedia":[{"embeddable":true,"href":"http:\/\/desarrollo.grupomedios.com\/futbol\/wp-json\/wp\/v2\/media\/363511"}],"wp:attachment":[{"href":"http:\/\/desarrollo.grupomedios.com\/futbol\/wp-json\/wp\/v2\/media?parent=363512"}],"wp:term":[{"taxonomy":"category","embeddable":true,"href":"http:\/\/desarrollo.grupomedios.com\/futbol\/wp-json\/wp\/v2\/categories?post=363512"},{"taxonomy":"post_tag","embeddable":true,"href":"http:\/\/desarrollo.grupomedios.com\/futbol\/wp-json\/wp\/v2\/tags?post=363512"}],"curies":[{"name":"wp","href":"https:\/\/api.w.org\/{rel}","templated":true}]}}