{"id":363514,"date":"2016-03-04T20:18:29","date_gmt":"2016-03-05T02:18:29","guid":{"rendered":"http:\/\/futboltotal.com.mx\/?p=363514"},"modified":"2016-03-05T22:26:37","modified_gmt":"2016-03-06T04:26:37","slug":"duelo-cracks-gignac-vs-funes-mori","status":"publish","type":"post","link":"http:\/\/desarrollo.grupomedios.com\/futbol\/futbol-mexicano\/duelo-cracks-gignac-vs-funes-mori\/2016\/03","title":{"rendered":"Duelo de cracks | Gignac vs. Funes Mori"},"content":{"rendered":"<p>Aun sin sangre mexicana en la venas han sido capaces de estremecer a la afici\u00f3n regiomontana. Y todo gracias a su ADN goleador. Desde su arribo a la Liga MX no hay dos capos del \u00e1rea que tengan un mot\u00edn de registros similar: <strong>Rogelio Funes Mori<\/strong> y <strong>Andr\u00e9 Pierre Gignac<\/strong> llevan dos torneos con\u00a0<strong>Monterrey<\/strong> y <strong>Tigres<\/strong> (en el primero ambos terminaron la fase regular con 11 goles) y en el <strong>Clausura 2016<\/strong> pisan firme como los <em>romperredes<\/em>\u00a0de su club.<\/p>\n<p>Hace un a\u00f1o se toparon pro primera vez en el Cl\u00e1sico Regio estren\u00e1ndose con gol. Este s\u00e1bado lo har\u00e1n de nuevo, en un partido que pinta el\u00e9ctrico, toda vez que <em>Rayados<\/em> acumula 20 partidos sin perder como local y el choque ser\u00e1 por primera vez en el Estadio BBV Bancomer, la nueva casa de <em>La Pandilla.\u00a0<\/em>&#8220;Con Gignac hay que tener precauciones&#8221;, afirma Mohamed, quien hace un a\u00f1o sufri\u00f3 su segunda derrota ante Tigres como DT de <em>Rayados. &#8220;<\/em>Nuestro equipo tambi\u00e9n tiene gol y Funes Mori \u00a0 est\u00e1 en un gran momento&#8221;, a\u00f1ade el <em>Turco.<\/em><\/p>\n<p>Previo a la edici\u00f3n 106 del <strong>Cl\u00e1sico Regio,<\/strong> ponemos confrontamos a\u00a0<strong><strong>Andr\u00e9 Pierre Gignac<\/strong> <\/strong>y\u00a0<strong><strong>Funes Mori<\/strong><\/strong>. En la Jornada 9 del C2016 tienen una cita con la historia.<\/p>\n<p style=\"text-align: center;\"><strong><span style=\"color: #3366ff;\"><a style=\"color: #3366ff;\" href=\"http:\/\/futboltotal.com.mx\/2016\/03\/10-datos-relevantes-del-clasico-regio\/\">LEER M\u00c1S: Las 10 cosas que debes saber del Tigres vs. Monterrey<\/a><\/span><\/strong><\/p>\n<p><a href=\"http:\/\/futboltotal.com.mx\/wp-content\/uploads\/2016\/03\/gignacmori.jpg\" rel=\"attachment wp-att-363515\"><img decoding=\"async\" loading=\"lazy\" class=\"alignnone size-full wp-image-363515\" src=\"http:\/\/futboltotal.com.mx\/wp-content\/uploads\/2016\/03\/gignacmori.jpg\" alt=\"gignacmori\" srcset=\"http:\/\/desarrollo.grupomedios.com\/futbol\/wp-content\/uploads\/2016\/03\/gignacmori.jpg 940w, http:\/\/desarrollo.grupomedios.com\/futbol\/wp-content\/uploads\/2016\/03\/gignacmori-300x251.jpg 300w, http:\/\/desarrollo.grupomedios.com\/futbol\/wp-content\/uploads\/2016\/03\/gignacmori-768x644.jpg 768w\" sizes=\"(max-width: 940px) 100vw, 940px\" \/><\/a><\/p>\n","protected":false},"excerpt":{"rendered":"<p>As\u00ed llegan los dos capos del gol a la edici\u00f3n 106 del Cl\u00e1sico Regio <\/p>\n","protected":false},"author":20,"featured_media":363516,"comment_status":"closed","ping_status":"closed","sticky":false,"template":"","format":"standard","meta":[],"categories":[2198,3845],"tags":[6861,5430,5966,5973],"_links":{"self":[{"href":"http:\/\/desarrollo.grupomedios.com\/futbol\/wp-json\/wp\/v2\/posts\/363514"}],"collection":[{"href":"http:\/\/desarrollo.grupomedios.com\/futbol\/wp-json\/wp\/v2\/posts"}],"about":[{"href":"http:\/\/desarrollo.grupomedios.com\/futbol\/wp-json\/wp\/v2\/types\/post"}],"author":[{"embeddable":true,"href":"http:\/\/desarrollo.grupomedios.com\/futbol\/wp-json\/wp\/v2\/users\/20"}],"replies":[{"embeddable":true,"href":"http:\/\/desarrollo.grupomedios.com\/futbol\/wp-json\/wp\/v2\/comments?post=363514"}],"version-history":[{"count":0,"href":"http:\/\/desarrollo.grupomedios.com\/futbol\/wp-json\/wp\/v2\/posts\/363514\/revisions"}],"wp:featuredmedia":[{"embeddable":true,"href":"http:\/\/desarrollo.grupomedios.com\/futbol\/wp-json\/wp\/v2\/media\/363516"}],"wp:attachment":[{"href":"http:\/\/desarrollo.grupomedios.com\/futbol\/wp-json\/wp\/v2\/media?parent=363514"}],"wp:term":[{"taxonomy":"category","embeddable":true,"href":"http:\/\/desarrollo.grupomedios.com\/futbol\/wp-json\/wp\/v2\/categories?post=363514"},{"taxonomy":"post_tag","embeddable":true,"href":"http:\/\/desarrollo.grupomedios.com\/futbol\/wp-json\/wp\/v2\/tags?post=363514"}],"curies":[{"name":"wp","href":"https:\/\/api.w.org\/{rel}","templated":true}]}}