{"id":363648,"date":"2016-03-05T11:07:33","date_gmt":"2016-03-05T17:07:33","guid":{"rendered":"http:\/\/futboltotal.com.mx\/?p=363648"},"modified":"2016-03-05T12:26:08","modified_gmt":"2016-03-05T18:26:08","slug":"pase-de-gol-marco-fabian-en-empate-del-eintracht-frankfurt","status":"publish","type":"post","link":"http:\/\/desarrollo.grupomedios.com\/futbol\/destacado-home\/pase-de-gol-marco-fabian-en-empate-del-eintracht-frankfurt\/2016\/03","title":{"rendered":"Marco Fabi\u00e1n brilla y sirve asistencia"},"content":{"rendered":"<p><strong>Marco Fabi\u00e1n<\/strong> regres\u00f3 a su mejor versi\u00f3n. Participativo y con mucha imaginaci\u00f3n, se transform\u00f3 en el mejor hombre del Eintracht Frankfurt en el encuentro del s\u00e1bado y gracias a su chispa, las \u00c1guilas rescataron un empate ante el Ingoldstadt (1-1) por la Jornada 25 de la Bundesliga, aunque al final se mantiene en el puesto de la promoci\u00f3n por no perder la categor\u00eda.<\/p>\n<p>Corr\u00eda el minuto 69 cuando el mexicano sorprendi\u00f3 en el cobro de un tiro de esquina, lo hizo en corto, le regresaron la pelota y de inmediato mand\u00f3 un centro al \u00e1rea chica para que el defensa Marco Russ peinara el esf\u00e9rico y lo mandara a las redes.<\/p>\n<p style=\"text-align: center;\"><span style=\"color: #3366ff;\"><strong><a style=\"color: #3366ff;\" href=\"http:\/\/futboltotal.com.mx\/2016\/03\/hermanos-jugaron-juntos\/\">LEER M\u00c1S: Hermanos que jugaron juntos.<\/a><\/strong><\/span><\/p>\n<p>El cuadro local, que comenz\u00f3 perdiendo apenas a los 8 minutos del partido por la v\u00eda del penal, tom\u00f3 vuelo y gener\u00f3 un par de llegadas, la m\u00e1s clara en los botines de Stendera, quien no le peg\u00f3 bien a la pelota y la puso en la tribuna cuando parec\u00eda el tanto de la ventaja.<\/p>\n<p>El equipo de <strong>Fabi\u00e1n<\/strong> tampoco pudo sacar ventaja del hombre de m\u00e1s que tuvo durante m\u00e1s de 15 minutos y debi\u00f3 conformarse con el punto que lo hace llegar a 24 unidades pero sin poder escapar de los puestos de promoci\u00f3n por no descender. Cabe mencionar que sobre el final, Marquito fue amonestado por queres sacar m\u00e1s r\u00e1pido la pelota sin el aval del \u00e1rbitro.<\/p>\n<p><iframe loading=\"lazy\" src=\"https:\/\/www.youtube.com\/embed\/P6RDlCgSI3k\" frameborder=\"0\" allowfullscreen><\/iframe><\/p>\n<p style=\"text-align: center;\"><strong><span style=\"color: #3366ff;\"><a style=\"color: #3366ff;\" href=\"http:\/\/futboltotal.com.mx\/2016\/03\/espectacular-poker-cristiano-ronaldo\/\">LEER M\u00c1S: \u00a1En su m\u00e1ximo nivel! Espectacular p\u00f3ker de Cristiano Ronaldo.<\/a><\/span><\/strong><\/p>\n","protected":false},"excerpt":{"rendered":"<p>El mexicano fue fundamental para la igualada <\/p>\n","protected":false},"author":20,"featured_media":363655,"comment_status":"closed","ping_status":"closed","sticky":false,"template":"","format":"standard","meta":[],"categories":[5,3839,6822,6718],"tags":[119,3588,131],"_links":{"self":[{"href":"http:\/\/desarrollo.grupomedios.com\/futbol\/wp-json\/wp\/v2\/posts\/363648"}],"collection":[{"href":"http:\/\/desarrollo.grupomedios.com\/futbol\/wp-json\/wp\/v2\/posts"}],"about":[{"href":"http:\/\/desarrollo.grupomedios.com\/futbol\/wp-json\/wp\/v2\/types\/post"}],"author":[{"embeddable":true,"href":"http:\/\/desarrollo.grupomedios.com\/futbol\/wp-json\/wp\/v2\/users\/20"}],"replies":[{"embeddable":true,"href":"http:\/\/desarrollo.grupomedios.com\/futbol\/wp-json\/wp\/v2\/comments?post=363648"}],"version-history":[{"count":0,"href":"http:\/\/desarrollo.grupomedios.com\/futbol\/wp-json\/wp\/v2\/posts\/363648\/revisions"}],"wp:featuredmedia":[{"embeddable":true,"href":"http:\/\/desarrollo.grupomedios.com\/futbol\/wp-json\/wp\/v2\/media\/363655"}],"wp:attachment":[{"href":"http:\/\/desarrollo.grupomedios.com\/futbol\/wp-json\/wp\/v2\/media?parent=363648"}],"wp:term":[{"taxonomy":"category","embeddable":true,"href":"http:\/\/desarrollo.grupomedios.com\/futbol\/wp-json\/wp\/v2\/categories?post=363648"},{"taxonomy":"post_tag","embeddable":true,"href":"http:\/\/desarrollo.grupomedios.com\/futbol\/wp-json\/wp\/v2\/tags?post=363648"}],"curies":[{"name":"wp","href":"https:\/\/api.w.org\/{rel}","templated":true}]}}