{"id":363650,"date":"2016-03-05T10:46:57","date_gmt":"2016-03-05T16:46:57","guid":{"rendered":"http:\/\/futboltotal.com.mx\/?p=363650"},"modified":"2016-03-05T11:51:06","modified_gmt":"2016-03-05T17:51:06","slug":"espectacular-poker-cristiano-ronaldo","status":"publish","type":"post","link":"http:\/\/desarrollo.grupomedios.com\/futbol\/destacado-home\/espectacular-poker-cristiano-ronaldo\/2016\/03","title":{"rendered":"\u00a1En su m\u00e1ximo nivel! Espectacular p\u00f3ker de Cristiano"},"content":{"rendered":"<p>&#8220;Si todos estuvieran a mi nivel ser\u00edamos primeros&#8221;, esa fue la frase de <strong>Cristiano Ronaldo<\/strong> que le gener\u00f3 toda clase de cr\u00edticas el s\u00e1bado anterior por su decepcionante actuaci\u00f3n en el derbi.<\/p>\n<p style=\"text-align: center;\"><span style=\"color: #3366ff;\"><strong><a style=\"color: #3366ff;\" href=\"http:\/\/futboltotal.com.mx\/2016\/03\/fabio-capello-critica-a-cristiano-ronaldo\/\">LEER M\u00c1S: Cristiano Ronaldo critica a sus compa\u00f1eros.<\/a><\/strong><\/span><\/p>\n<p>Una semana despu\u00e9s recibi\u00f3 silbidos y reproches en el Santiago Bernab\u00e9u, pero dej\u00f3 muy en claro que es un futbolista especial y que, ten\u00eda bastante raz\u00f3n. Cuando Cristiano Ronaldo se dedica a jugar es un futbolista excepcional, casi imparable. Este s\u00e1bado tuvo su mejor actuaci\u00f3n del a\u00f1o y una que recordar\u00e1 en mucho tiempo, pues regres\u00f3 al gol desde el bal\u00f3n parado, en un tiro libre magistral, que en el futuro ser\u00e1 recordado en su cat\u00e1logo de mejores goles.<\/p>\n<blockquote class=\"twitter-tweet\" data-lang=\"es\">\n<p dir=\"ltr\" lang=\"pt\">GOLAAAAAAAAAAAAAAAAAAAAAAAA\u00c7O DE CRISTIANO RONALDO! QUE COBRAN\u00c7A ESPETACULAR!!! <a href=\"https:\/\/t.co\/jdKgLOtCvO\">https:\/\/t.co\/jdKgLOtCvO<\/a><\/p>\n<p>\u2014 Futebol News (@_FuteNews2) <a href=\"https:\/\/twitter.com\/_FuteNews2\/status\/706152138334932993\">5 de marzo de 2016<\/a><\/p><\/blockquote>\n<p><script src=\"\/\/platform.twitter.com\/widgets.js\" async=\"\" charset=\"utf-8\"><\/script><\/p>\n<p>Antes de ese portento de gol, Cristiano marc\u00f3 un tanto desde afuera del \u00e1rea, tambi\u00e9n espectacular y despu\u00e9s marc\u00f3 su tercer diana en una combinaci\u00f3n excelsas entre Lucas V\u00e1zquez e Isco, que solo empuj\u00f3 a la red el luso para alcanzar los 250 goles en la Liga Espa\u00f1ola.<\/p>\n<blockquote class=\"twitter-tweet\" data-lang=\"es\"><p>\nHAT-TRICK DE CRISTIANO RONALDO! <a href=\"https:\/\/t.co\/48sxMtAird\">https:\/\/t.co\/48sxMtAird<\/a><\/p>\n<p>\u2014 Futebol News (@_FuteNews2) <a href=\"https:\/\/twitter.com\/_FuteNews2\/status\/706154119782920192\">5 de marzo de 2016<\/a>\n<\/p><\/blockquote>\n<p><script src=\"\/\/platform.twitter.com\/widgets.js\" async=\"\" charset=\"utf-8\"><\/script><\/p>\n<p>No conforme, el luso a\u00f1adi\u00f3 otro de cabeza para firmar un p\u00f3ker (algo que no consegu\u00eda un futbolista del Real Madrid ante el Celta desde 1948, Olmedo). Adem\u00e1s,\u00a0consigui\u00f3 su gol 27 en el curso actual de la Liga y 253 en el hist\u00f3rico del certamen. \u00a1Una bestialidad!<\/p>\n<p style=\"text-align: center;\"><strong><span style=\"color: #3366ff;\"><a style=\"color: #3366ff;\" href=\"http:\/\/futboltotal.com.mx\/2016\/03\/fabio-capello-critica-a-cristiano-ronaldo\/\">LEER M\u00c1S: Fabio Capello critica a Cristiano Ronaldo.<\/a><\/span><\/strong><\/p>\n","protected":false},"excerpt":{"rendered":"<p>Con sus cuatro anotaciones, el luso lleg\u00f3 a 251 en la Liga Espa\u00f1ola <\/p>\n","protected":false},"author":20,"featured_media":363651,"comment_status":"closed","ping_status":"closed","sticky":false,"template":"","format":"standard","meta":[],"categories":[5,3839,3844],"tags":[6013,5988],"_links":{"self":[{"href":"http:\/\/desarrollo.grupomedios.com\/futbol\/wp-json\/wp\/v2\/posts\/363650"}],"collection":[{"href":"http:\/\/desarrollo.grupomedios.com\/futbol\/wp-json\/wp\/v2\/posts"}],"about":[{"href":"http:\/\/desarrollo.grupomedios.com\/futbol\/wp-json\/wp\/v2\/types\/post"}],"author":[{"embeddable":true,"href":"http:\/\/desarrollo.grupomedios.com\/futbol\/wp-json\/wp\/v2\/users\/20"}],"replies":[{"embeddable":true,"href":"http:\/\/desarrollo.grupomedios.com\/futbol\/wp-json\/wp\/v2\/comments?post=363650"}],"version-history":[{"count":0,"href":"http:\/\/desarrollo.grupomedios.com\/futbol\/wp-json\/wp\/v2\/posts\/363650\/revisions"}],"wp:featuredmedia":[{"embeddable":true,"href":"http:\/\/desarrollo.grupomedios.com\/futbol\/wp-json\/wp\/v2\/media\/363651"}],"wp:attachment":[{"href":"http:\/\/desarrollo.grupomedios.com\/futbol\/wp-json\/wp\/v2\/media?parent=363650"}],"wp:term":[{"taxonomy":"category","embeddable":true,"href":"http:\/\/desarrollo.grupomedios.com\/futbol\/wp-json\/wp\/v2\/categories?post=363650"},{"taxonomy":"post_tag","embeddable":true,"href":"http:\/\/desarrollo.grupomedios.com\/futbol\/wp-json\/wp\/v2\/tags?post=363650"}],"curies":[{"name":"wp","href":"https:\/\/api.w.org\/{rel}","templated":true}]}}