{"id":363664,"date":"2016-03-05T11:39:11","date_gmt":"2016-03-05T17:39:11","guid":{"rendered":"http:\/\/futboltotal.com.mx\/?p=363664"},"modified":"2016-03-05T11:41:12","modified_gmt":"2016-03-05T17:41:12","slug":"gesto-cristiano-enfurecio-a-la-aficion-real-madrid","status":"publish","type":"post","link":"http:\/\/desarrollo.grupomedios.com\/futbol\/videos\/gesto-cristiano-enfurecio-a-la-aficion-real-madrid\/2016\/03","title":{"rendered":"El gesto de Cristiano que enfureci\u00f3 a la afici\u00f3n"},"content":{"rendered":"<p><strong>Cristiano Ronaldo<\/strong> respondi\u00f3 a la grada del Santiago Bernab\u00e9u llev\u00e1ndose la mano a la oreja tras lograr el segundo gol del Real Madrid ante el Celta. con un tremendo bombazo. El jugador portugu\u00e9s realiz\u00f3 el gesto en alusi\u00f3n a los silbidos y reproches que hab\u00eda recibido del p\u00fablico en la jugada anterior tras no entenderse con Carvajal, en una acci\u00f3n que acab\u00f3 con el bal\u00f3n perdi\u00e9ndose por la l\u00ednea de fondo, adem\u00e1s de los ya recibidos durante el anuncio de las alineaciones en una acci\u00f3n que acab\u00f3 con el bal\u00f3n perdi\u00e9ndose por la l\u00ednea de fondo.<\/p>\n<p><iframe loading=\"lazy\" src=\"https:\/\/www.youtube.com\/embed\/OxVMAxwI1k8\" frameborder=\"0\" allowfullscreen=\"allowfullscreen\"><\/iframe><\/p>\n<p style=\"text-align: center;\"><strong><span style=\"color: #3366ff;\"><a style=\"color: #3366ff;\" href=\"http:\/\/futboltotal.com.mx\/2016\/03\/cristiano-fenomenal-en-goleada-del-real-madrid\/\">LEER M\u00c1S: Cristiano, fenomenal en goleada del Real Madrid. <\/a><\/span><\/strong><\/p>\n","protected":false},"excerpt":{"rendered":"<p>El astro luso recibi\u00f3 varias rechiflas el s\u00e1bado <\/p>\n","protected":false},"author":20,"featured_media":363666,"comment_status":"closed","ping_status":"closed","sticky":false,"template":"","format":"standard","meta":[],"categories":[3839,3844,4],"tags":[1496,5988],"_links":{"self":[{"href":"http:\/\/desarrollo.grupomedios.com\/futbol\/wp-json\/wp\/v2\/posts\/363664"}],"collection":[{"href":"http:\/\/desarrollo.grupomedios.com\/futbol\/wp-json\/wp\/v2\/posts"}],"about":[{"href":"http:\/\/desarrollo.grupomedios.com\/futbol\/wp-json\/wp\/v2\/types\/post"}],"author":[{"embeddable":true,"href":"http:\/\/desarrollo.grupomedios.com\/futbol\/wp-json\/wp\/v2\/users\/20"}],"replies":[{"embeddable":true,"href":"http:\/\/desarrollo.grupomedios.com\/futbol\/wp-json\/wp\/v2\/comments?post=363664"}],"version-history":[{"count":0,"href":"http:\/\/desarrollo.grupomedios.com\/futbol\/wp-json\/wp\/v2\/posts\/363664\/revisions"}],"wp:featuredmedia":[{"embeddable":true,"href":"http:\/\/desarrollo.grupomedios.com\/futbol\/wp-json\/wp\/v2\/media\/363666"}],"wp:attachment":[{"href":"http:\/\/desarrollo.grupomedios.com\/futbol\/wp-json\/wp\/v2\/media?parent=363664"}],"wp:term":[{"taxonomy":"category","embeddable":true,"href":"http:\/\/desarrollo.grupomedios.com\/futbol\/wp-json\/wp\/v2\/categories?post=363664"},{"taxonomy":"post_tag","embeddable":true,"href":"http:\/\/desarrollo.grupomedios.com\/futbol\/wp-json\/wp\/v2\/tags?post=363664"}],"curies":[{"name":"wp","href":"https:\/\/api.w.org\/{rel}","templated":true}]}}