{"id":363699,"date":"2016-03-05T16:32:21","date_gmt":"2016-03-05T22:32:21","guid":{"rendered":"http:\/\/futboltotal.com.mx\/?p=363699"},"modified":"2016-03-06T10:53:58","modified_gmt":"2016-03-06T16:53:58","slug":"fin-memo-ochoa-debuta-malaga-en-la-liga","status":"publish","type":"post","link":"http:\/\/desarrollo.grupomedios.com\/futbol\/futbol-internacional\/fin-memo-ochoa-debuta-malaga-en-la-liga\/2016\/03","title":{"rendered":"\u00a1Por fin! Memo Ochoa debuta con M\u00e1laga en la liga"},"content":{"rendered":"<p>Tuvo que pasar un a\u00f1o y siete meses desde que firm\u00f3 contrato, para que <strong>Guillermo Ochoa <\/strong>lograra debutar con <strong>M\u00e1laga<\/strong> en la liga espa\u00f1ola, luego que el guardameta titular Carlos Kameni se lesionara en el partido contra Deportivo La Coru\u00f1a.<\/p>\n<p>Fue al minuto 37 del cotejo que el cancerbero camerun\u00e9s, quien cumpl\u00eda 300 compromisos en la liga, se lastimara en una acci\u00f3n que trajo como consecuencia que no pudiera seguir en la cancha.<\/p>\n<p>Pese a que esto es motivo de alegr\u00eda para <strong><em>Memo<\/em> Ochoa<\/strong>, de inmediato le amargaron la tarde, porque seis minutos despu\u00e9s (43\u2019) Celso Borges le dio la bienvenida con la anotaci\u00f3n que sirvi\u00f3 para el empate parcial 1-1.<\/p>\n<p>El panorama no mejor\u00f3 para el mexicano, porque la defensa se mostr\u00f3 d\u00e9bil y permiti\u00f3 que le llegaran con facilidad, por eso termin\u00f3 por llevarse tres anotaciones para la igualada 3-3.<\/p>\n","protected":false},"excerpt":{"rendered":"<p>El portero entr\u00f3 de cambio tras la lesi\u00f3n de Kameni<\/p>\n","protected":false},"author":20,"featured_media":363700,"comment_status":"closed","ping_status":"closed","sticky":false,"template":"","format":"standard","meta":[],"categories":[3839,3844,6718],"tags":[5991,4545],"_links":{"self":[{"href":"http:\/\/desarrollo.grupomedios.com\/futbol\/wp-json\/wp\/v2\/posts\/363699"}],"collection":[{"href":"http:\/\/desarrollo.grupomedios.com\/futbol\/wp-json\/wp\/v2\/posts"}],"about":[{"href":"http:\/\/desarrollo.grupomedios.com\/futbol\/wp-json\/wp\/v2\/types\/post"}],"author":[{"embeddable":true,"href":"http:\/\/desarrollo.grupomedios.com\/futbol\/wp-json\/wp\/v2\/users\/20"}],"replies":[{"embeddable":true,"href":"http:\/\/desarrollo.grupomedios.com\/futbol\/wp-json\/wp\/v2\/comments?post=363699"}],"version-history":[{"count":0,"href":"http:\/\/desarrollo.grupomedios.com\/futbol\/wp-json\/wp\/v2\/posts\/363699\/revisions"}],"wp:featuredmedia":[{"embeddable":true,"href":"http:\/\/desarrollo.grupomedios.com\/futbol\/wp-json\/wp\/v2\/media\/363700"}],"wp:attachment":[{"href":"http:\/\/desarrollo.grupomedios.com\/futbol\/wp-json\/wp\/v2\/media?parent=363699"}],"wp:term":[{"taxonomy":"category","embeddable":true,"href":"http:\/\/desarrollo.grupomedios.com\/futbol\/wp-json\/wp\/v2\/categories?post=363699"},{"taxonomy":"post_tag","embeddable":true,"href":"http:\/\/desarrollo.grupomedios.com\/futbol\/wp-json\/wp\/v2\/tags?post=363699"}],"curies":[{"name":"wp","href":"https:\/\/api.w.org\/{rel}","templated":true}]}}