{"id":363940,"date":"2016-03-06T09:40:55","date_gmt":"2016-03-06T15:40:55","guid":{"rendered":"http:\/\/futboltotal.com.mx\/?p=363940"},"modified":"2016-03-06T09:42:19","modified_gmt":"2016-03-06T15:42:19","slug":"real-madrid-celebra-114-anos-historia","status":"publish","type":"post","link":"http:\/\/desarrollo.grupomedios.com\/futbol\/videos\/real-madrid-celebra-114-anos-historia\/2016\/03","title":{"rendered":"\u00a1Real Madrid celebra 114 a\u00f1os de historia!"},"content":{"rendered":"<p>El <strong>Real Madrid<\/strong> cumple 114 a\u00f1os de su fundaci\u00f3n este domingo 6 de marzo. Por ello el club m\u00e1s laureado en la historia del futbol espa\u00f1ol y elegido el Mejor del Siglo XX lo ha celebrado con un emotivo video, en el que repasa los momentos mas emblem\u00e1ticos del equipo de futbol y baloncesto al comp\u00e1s de la melod\u00eda Grew up at midnight (Crecimos a la media noche) de la banda <em>The Maccabees.<\/em><\/p>\n<p style=\"text-align: center;\"><span style=\"color: #3366ff;\"><strong><a style=\"color: #3366ff;\" href=\"http:\/\/futboltotal.com.mx\/futbol-internacional\/\">LEER M\u00c1S: Todas las noticias de futbol internacional<\/a><\/strong><\/span><\/p>\n<p><iframe loading=\"lazy\" src=\"https:\/\/www.youtube.com\/embed\/A4fB8WVyACY\" frameborder=\"0\" allowfullscreen=\"allowfullscreen\"><\/iframe><\/p>\n","protected":false},"excerpt":{"rendered":"<p>Los Merengues crearon video con algunos de los instantes m\u00e1s memorables del club<\/p>\n","protected":false},"author":20,"featured_media":363941,"comment_status":"closed","ping_status":"closed","sticky":false,"template":"","format":"standard","meta":[],"categories":[3844,4],"tags":[5988],"_links":{"self":[{"href":"http:\/\/desarrollo.grupomedios.com\/futbol\/wp-json\/wp\/v2\/posts\/363940"}],"collection":[{"href":"http:\/\/desarrollo.grupomedios.com\/futbol\/wp-json\/wp\/v2\/posts"}],"about":[{"href":"http:\/\/desarrollo.grupomedios.com\/futbol\/wp-json\/wp\/v2\/types\/post"}],"author":[{"embeddable":true,"href":"http:\/\/desarrollo.grupomedios.com\/futbol\/wp-json\/wp\/v2\/users\/20"}],"replies":[{"embeddable":true,"href":"http:\/\/desarrollo.grupomedios.com\/futbol\/wp-json\/wp\/v2\/comments?post=363940"}],"version-history":[{"count":0,"href":"http:\/\/desarrollo.grupomedios.com\/futbol\/wp-json\/wp\/v2\/posts\/363940\/revisions"}],"wp:featuredmedia":[{"embeddable":true,"href":"http:\/\/desarrollo.grupomedios.com\/futbol\/wp-json\/wp\/v2\/media\/363941"}],"wp:attachment":[{"href":"http:\/\/desarrollo.grupomedios.com\/futbol\/wp-json\/wp\/v2\/media?parent=363940"}],"wp:term":[{"taxonomy":"category","embeddable":true,"href":"http:\/\/desarrollo.grupomedios.com\/futbol\/wp-json\/wp\/v2\/categories?post=363940"},{"taxonomy":"post_tag","embeddable":true,"href":"http:\/\/desarrollo.grupomedios.com\/futbol\/wp-json\/wp\/v2\/tags?post=363940"}],"curies":[{"name":"wp","href":"https:\/\/api.w.org\/{rel}","templated":true}]}}