{"id":364034,"date":"2016-03-06T13:45:14","date_gmt":"2016-03-06T19:45:14","guid":{"rendered":"http:\/\/futboltotal.com.mx\/?p=364034"},"modified":"2016-03-06T15:10:42","modified_gmt":"2016-03-06T21:10:42","slug":"eintracht-frankfurt-y-fabian-se-quedan-sin-tecnico","status":"publish","type":"post","link":"http:\/\/desarrollo.grupomedios.com\/futbol\/futbol-internacional\/eintracht-frankfurt-y-fabian-se-quedan-sin-tecnico\/2016\/03","title":{"rendered":"Eintracht Frankfurt y Fabi\u00e1n se quedan sin t\u00e9cnico"},"content":{"rendered":"<p>El entrenador holand\u00e9s <strong>Armin Veh<\/strong> fue cesado este domingo de su cargo en el <strong>Eintracht Frankfurt<\/strong>, donde milita el mediocampista mexicano <strong>Marco Fabi\u00e1n<\/strong>.<\/p>\n<p>El club alem\u00e1n tom\u00f3 la decisi\u00f3n despu\u00e9s del empate 1-1 ante el Ingolstadt, que dej\u00f3 al equipo en el sitio 16 de la clasificaci\u00f3n, dos puestos por encima de la zona de descenso, y que de seguir as\u00ed lo obligar\u00edan a jugar un <em>play-off<\/em> por la permanencia al termino del curso.<\/p>\n<p style=\"text-align: center;\"><span style=\"color: #3366ff;\"><strong><a style=\"color: #3366ff;\" href=\"http:\/\/futboltotal.com.mx\/2016\/03\/pase-de-gol-marco-fabian-en-empate-del-eintracht-frankfurt\/\">LEER M\u00c1S: Marco Fabi\u00e1n asiste y rescata empate del Eintracht<\/a><\/strong><\/span><\/p>\n<p>&#8220;La separaci\u00f3n fue muy dif\u00edcil porque confiamos en Armin hasta el final. Pero, con la llegada de un nuevo entrenador, deber\u00edamos dar un impulso al equipo en su lucha por la permanencia&#8221;, explic\u00f3 el presidente del Eintracht, Heribert Bruchhagen, a trav\u00e9s de la p\u00e1gina web del club.<\/p>\n<p><strong>Armin Veh<\/strong>, quien pidi\u00f3 en el mercado invernal la contrataci\u00f3n de <strong>Marco Fabi\u00e1n<\/strong>, vivi\u00f3 su segunda temporada al frente del club teut\u00f3n y no logr\u00f3 los resultados esperados, pues despu\u00e9s de 27 jornadas solo consigui\u00f3 6 victorias, 9 empates y 12 derrotas.<\/p>\n<p>Por ahora, la directiva del Eintracht design\u00f3 como t\u00e9cnico interino al segundo entrenador\u00a0Reiner Geyer, y en los pr\u00f3ximos d\u00edas anunciar\u00e1 al nuevo entrenador del club.<\/p>\n<p style=\"text-align: center;\"><span style=\"color: #3366ff;\"><strong><a style=\"color: #3366ff;\" href=\"http:\/\/futboltotal.com.mx\/futbol-internacional\">LEER M\u00c1S: Todas las noticias de futbol internacional<\/a><\/strong><\/span><\/p>\n","protected":false},"excerpt":{"rendered":"<p>El cuadro alem\u00e1n destituye al entrenador holand\u00e9s Armin Veh<\/p>\n","protected":false},"author":20,"featured_media":364051,"comment_status":"closed","ping_status":"closed","sticky":false,"template":"","format":"standard","meta":[],"categories":[3839,6822,6718,5951],"tags":[3588,131],"_links":{"self":[{"href":"http:\/\/desarrollo.grupomedios.com\/futbol\/wp-json\/wp\/v2\/posts\/364034"}],"collection":[{"href":"http:\/\/desarrollo.grupomedios.com\/futbol\/wp-json\/wp\/v2\/posts"}],"about":[{"href":"http:\/\/desarrollo.grupomedios.com\/futbol\/wp-json\/wp\/v2\/types\/post"}],"author":[{"embeddable":true,"href":"http:\/\/desarrollo.grupomedios.com\/futbol\/wp-json\/wp\/v2\/users\/20"}],"replies":[{"embeddable":true,"href":"http:\/\/desarrollo.grupomedios.com\/futbol\/wp-json\/wp\/v2\/comments?post=364034"}],"version-history":[{"count":0,"href":"http:\/\/desarrollo.grupomedios.com\/futbol\/wp-json\/wp\/v2\/posts\/364034\/revisions"}],"wp:featuredmedia":[{"embeddable":true,"href":"http:\/\/desarrollo.grupomedios.com\/futbol\/wp-json\/wp\/v2\/media\/364051"}],"wp:attachment":[{"href":"http:\/\/desarrollo.grupomedios.com\/futbol\/wp-json\/wp\/v2\/media?parent=364034"}],"wp:term":[{"taxonomy":"category","embeddable":true,"href":"http:\/\/desarrollo.grupomedios.com\/futbol\/wp-json\/wp\/v2\/categories?post=364034"},{"taxonomy":"post_tag","embeddable":true,"href":"http:\/\/desarrollo.grupomedios.com\/futbol\/wp-json\/wp\/v2\/tags?post=364034"}],"curies":[{"name":"wp","href":"https:\/\/api.w.org\/{rel}","templated":true}]}}