{"id":364090,"date":"2016-03-06T14:41:42","date_gmt":"2016-03-06T20:41:42","guid":{"rendered":"http:\/\/futboltotal.com.mx\/?p=364090"},"modified":"2016-03-06T14:49:25","modified_gmt":"2016-03-06T20:49:25","slug":"chaco-gimenez-disputada-partido-400","status":"publish","type":"post","link":"http:\/\/desarrollo.grupomedios.com\/futbol\/futbol-mexicano\/chaco-gimenez-disputada-partido-400\/2016\/03","title":{"rendered":"Chaco Gim\u00e9nez cumple 400 partidos en la Liga MX"},"content":{"rendered":"<p><strong>Christian Gim\u00e9nez<\/strong> ingres\u00f3 al campo al minuto 69 del <a href=\"http:\/\/futboltotal.com.mx\/2016\/03\/resultado-liga-mx-pumas-2-2-cruz-azul-clausura-2016\/\" target=\"_blank\">duelo entre los <strong>Pumas<\/strong> de la UNAM\u00a0y la <em>M\u00e1quina<\/em> de <strong>Cruz Azul<\/strong><\/a>. Y as\u00ed, el <em>Chaco<\/em> lleg\u00f3 a <strong>400\u00a0partidos jugados<\/strong> en la Primera Divisi\u00f3n del futbol mexicano.<\/p>\n<blockquote class=\"twitter-tweet\" data-lang=\"es\">\n<p dir=\"ltr\" lang=\"es\">???? ENHORABUENA &#8220;Chaco&#8221; por cumplir tu partido n\u00famero 400 en la <a href=\"https:\/\/twitter.com\/hashtag\/LIGABancomerMX?src=hash\">#LIGABancomerMX<\/a> ????<br \/>\n\u26bd <a href=\"https:\/\/twitter.com\/hashtag\/SienteTuLiga?src=hash\">#SienteTuLiga<\/a> \u26bd <a href=\"https:\/\/t.co\/ayj9kLYUlz\">pic.twitter.com\/ayj9kLYUlz<\/a><\/p>\n<p>\u2014 LIGA Bancomer MX (@LIGABancomerMX) <a href=\"https:\/\/twitter.com\/LIGABancomerMX\/status\/706562853424263168\">6 de marzo de 2016<\/a><\/p><\/blockquote>\n<p><script src=\"\/\/platform.twitter.com\/widgets.js\" async=\"\" charset=\"utf-8\"><\/script><\/p>\n<p><em>Chaco<\/em> <strong>Gim\u00e9nez<\/strong>, quien se ha convertido en un \u00eddolo para los aficionados <em>celestes<\/em>, lleg\u00f3 al futbol\u00a0mexicano para enrolarse al Veracruz en 2004. Con este club complet\u00f3 34 partidos.\u00a0Un a\u00f1o despu\u00e9s pas\u00f3 al Am\u00e9rica, donde jug\u00f3 de 2005 a 2006, para sumar tambi\u00e9n 34 juegos con esta camiseta.\u00a0Fue transferido al Pachuca\u00a0en\u00a02006, entidad que defendi\u00f3 hasta el 2009; con los <em>Tuzos<\/em> disput\u00f3 124 cotejos.<\/p>\n<p style=\"text-align: center;\"><span style=\"color: #3366ff;\"><strong><a href=\"http:\/\/futboltotal.com.mx\/2016\/03\/la-broma-de-chaco-gimenez-a-cuauhtemoc-blanco\/\" target=\"_blank\">LEER M\u00c1S: La broma de Chaco Gim\u00e9nez a Cuauht\u00e9moc Blanco<\/a><\/strong><\/span><\/p>\n<p>El mediocampista argentino -naturalizado mexicano- lleg\u00f3 a\u00a0<strong>Cruz Azul<\/strong>\u00a0para el Bicentenario 2010 y desde entonces completa 208 encuentros.\u00a0Y aunque con la escuadra <em>cementera<\/em>\u00a0a\u00fan\u00a0no ha conseguido un campeonato de liga, en reiteradas ocasiones <strong>Christian Gim\u00e9nez<\/strong>\u00a0ha se\u00f1alado que este es su m\u00e1ximo anhelo, antes de retirarse.<\/p>\n<p>Adem\u00e1s, cabe destacar que el <em>Chaco<\/em> <strong>Gim\u00e9nez<\/strong>\u00a0es,\u00a0junto\u00a0con el tambi\u00e9n argentino -naturalizado mexicano- Emanuel Villa,\u00a0el tercer mejor anotador de <strong>Cruz Azul<\/strong> en torneos cortos, con 54 goles.<\/p>\n","protected":false},"excerpt":{"rendered":"<p>El jugador argentino disput\u00f3 su juego 208 con Cruz Azul<\/p>\n","protected":false},"author":20,"featured_media":364091,"comment_status":"closed","ping_status":"closed","sticky":false,"template":"","format":"standard","meta":[],"categories":[2198,3845,5950],"tags":[368,5962],"_links":{"self":[{"href":"http:\/\/desarrollo.grupomedios.com\/futbol\/wp-json\/wp\/v2\/posts\/364090"}],"collection":[{"href":"http:\/\/desarrollo.grupomedios.com\/futbol\/wp-json\/wp\/v2\/posts"}],"about":[{"href":"http:\/\/desarrollo.grupomedios.com\/futbol\/wp-json\/wp\/v2\/types\/post"}],"author":[{"embeddable":true,"href":"http:\/\/desarrollo.grupomedios.com\/futbol\/wp-json\/wp\/v2\/users\/20"}],"replies":[{"embeddable":true,"href":"http:\/\/desarrollo.grupomedios.com\/futbol\/wp-json\/wp\/v2\/comments?post=364090"}],"version-history":[{"count":0,"href":"http:\/\/desarrollo.grupomedios.com\/futbol\/wp-json\/wp\/v2\/posts\/364090\/revisions"}],"wp:featuredmedia":[{"embeddable":true,"href":"http:\/\/desarrollo.grupomedios.com\/futbol\/wp-json\/wp\/v2\/media\/364091"}],"wp:attachment":[{"href":"http:\/\/desarrollo.grupomedios.com\/futbol\/wp-json\/wp\/v2\/media?parent=364090"}],"wp:term":[{"taxonomy":"category","embeddable":true,"href":"http:\/\/desarrollo.grupomedios.com\/futbol\/wp-json\/wp\/v2\/categories?post=364090"},{"taxonomy":"post_tag","embeddable":true,"href":"http:\/\/desarrollo.grupomedios.com\/futbol\/wp-json\/wp\/v2\/tags?post=364090"}],"curies":[{"name":"wp","href":"https:\/\/api.w.org\/{rel}","templated":true}]}}