{"id":364283,"date":"2016-03-07T10:28:26","date_gmt":"2016-03-07T16:28:26","guid":{"rendered":"http:\/\/futboltotal.com.mx\/?p=364283"},"modified":"2016-03-07T10:29:10","modified_gmt":"2016-03-07T16:29:10","slug":"top-5-los-mejores-goles-la-jornada-9","status":"publish","type":"post","link":"http:\/\/desarrollo.grupomedios.com\/futbol\/videos\/top-5-los-mejores-goles-la-jornada-9\/2016\/03","title":{"rendered":"Top 5 | Los mejores goles de la jornada 9"},"content":{"rendered":"<p>En la<strong>\u00a0jornada 9<\/strong>\u00a0del\u00a0<strong>Clausura del 2016<\/strong>\u00a0de la\u00a0<strong><a href=\"http:\/\/futboltotal.com.mx\/futbol-mexicano\/\" target=\"_blank\">Liga MX<\/a><\/strong>\u00a0se marcaron 26 goles. Y pese a la baja productividad,\u00a0cinco dianas destacaron por su alta manufactura.<\/p>\n<p><span style=\"color: #ff0000;\"><strong>VIDEO<\/strong>: Mejores goles de la\u00a0<strong>jornada\u00a09<\/strong>\u00a0del\u00a0<strong>Clausura del 2016<\/strong>:<\/span><\/p>\n<p>[video_player]https:\/\/player.vimeo.com\/external\/158036371.hd.mp4?s=a859f7556316d135f38f81d8711825d3dec80299&amp;profile_id=113[\/video_player]<\/p>\n","protected":false},"excerpt":{"rendered":"<p>Chucky, Hobbit, Bravo, V\u00e1zquez y Z\u00fa\u00f1iga, los protagonistas<\/p>\n","protected":false},"author":20,"featured_media":364286,"comment_status":"closed","ping_status":"closed","sticky":false,"template":"","format":"standard","meta":[],"categories":[2198,3845,4],"tags":[6458,6185],"_links":{"self":[{"href":"http:\/\/desarrollo.grupomedios.com\/futbol\/wp-json\/wp\/v2\/posts\/364283"}],"collection":[{"href":"http:\/\/desarrollo.grupomedios.com\/futbol\/wp-json\/wp\/v2\/posts"}],"about":[{"href":"http:\/\/desarrollo.grupomedios.com\/futbol\/wp-json\/wp\/v2\/types\/post"}],"author":[{"embeddable":true,"href":"http:\/\/desarrollo.grupomedios.com\/futbol\/wp-json\/wp\/v2\/users\/20"}],"replies":[{"embeddable":true,"href":"http:\/\/desarrollo.grupomedios.com\/futbol\/wp-json\/wp\/v2\/comments?post=364283"}],"version-history":[{"count":0,"href":"http:\/\/desarrollo.grupomedios.com\/futbol\/wp-json\/wp\/v2\/posts\/364283\/revisions"}],"wp:featuredmedia":[{"embeddable":true,"href":"http:\/\/desarrollo.grupomedios.com\/futbol\/wp-json\/wp\/v2\/media\/364286"}],"wp:attachment":[{"href":"http:\/\/desarrollo.grupomedios.com\/futbol\/wp-json\/wp\/v2\/media?parent=364283"}],"wp:term":[{"taxonomy":"category","embeddable":true,"href":"http:\/\/desarrollo.grupomedios.com\/futbol\/wp-json\/wp\/v2\/categories?post=364283"},{"taxonomy":"post_tag","embeddable":true,"href":"http:\/\/desarrollo.grupomedios.com\/futbol\/wp-json\/wp\/v2\/tags?post=364283"}],"curies":[{"name":"wp","href":"https:\/\/api.w.org\/{rel}","templated":true}]}}