{"id":365596,"date":"2016-03-07T13:05:15","date_gmt":"2016-03-07T19:05:15","guid":{"rendered":"http:\/\/futboltotal.com.mx\/?p=365596"},"modified":"2016-03-07T13:05:15","modified_gmt":"2016-03-07T19:05:15","slug":"spalleti-pide-milagro-a-la-roma","status":"publish","type":"post","link":"http:\/\/desarrollo.grupomedios.com\/futbol\/futbol-internacional\/spalleti-pide-milagro-a-la-roma\/2016\/03","title":{"rendered":"Spalleti pide un milagro a la Roma"},"content":{"rendered":"<p>Pese a la desventaja de dos goles tras caer 0-2 en la Ida de los<strong> Octavos de Final<\/strong> ante el <strong>Real Madrid<\/strong>, el entrenador de la Roma, <strong>Luciano Spalletti<\/strong>, conf\u00edan en firmar una voltereta y eliminar a los <em>Merengues<\/em>, quienes no han ca\u00eddo en las \u00faltimas ocho eliminatorias a doble partido ante rivales italianos.<\/p>\n<p>&#8220;Tenemos que pensar en hacer un s\u00f3lo gol, as\u00ed la influencia psicol\u00f3gica puede sernos de gran ayuda&#8221;, expuso el timonel en la rueda de prensa antes del duelo de este martes. &#8220;Quiz\u00e1 llegar en ventaja haga que el Real Madrid salga algo m\u00e1s relajados. Tenemos que aprovecharlo&#8221;, a\u00f1adi\u00f3<strong> Spalletti<\/strong>, que intentar\u00e1 meter a la Loba en Cuartos como no ocurre desde 2008.<\/p>\n<p style=\"text-align: center;\"><span style=\"color: #3366ff;\"><strong><a style=\"color: #3366ff;\" href=\"http:\/\/futboltotal.com.mx\/2016\/03\/champions-en-busca-los-primeros-clasificados-a-cuartos\/\">LEER M\u00c1S: En busca de los primeros clasificados a Cuartos<\/a><\/strong><\/span><\/p>\n<p>La cita en el Santiago Bernab\u00e9u demanda un partido impecable, perfecto en todo sentido<em>, <\/em>por lo que el estratega italiano hizo una petici\u00f3n muy importante a sus pupilos: &#8220;No podemos darles espacios, no podemos dejar el campo abierto, necesitamos hacer un gran esfuerzo f\u00edsico. No podemos cometer errores, le pido a mis jugadores lo imposible&#8221;<\/p>\n<p>En el partido de Ida, <strong>Francesco Totti<\/strong> no fue titular y en esta ocasi\u00f3n <strong>Spalletti<\/strong> tampoco se aventur\u00f3 a decir si por fin lo utilizar\u00e1 de nueva cuenta en el 11 inicial. Quien podr\u00eda estar de inicio es el delantero bosnio Edin Dzeko, quien relevar\u00eda a Stephan el Shaarawy, titular el pasado fin de semana en liga.<\/p>\n<p style=\"text-align: center;\"><span style=\"color: #3366ff;\"><strong><a style=\"color: #3366ff;\" href=\"http:\/\/futboltotal.com.mx\/futbol-internacional\/\">LEER M\u00c1S: Todas las noticias de futbol internacional<\/a><\/strong><\/span><\/p>\n<p>&nbsp;<\/p>\n","protected":false},"excerpt":{"rendered":"<p>Los Giallorossi se alistan para buscar la remontada en los Octavos de Champions<\/p>\n","protected":false},"author":20,"featured_media":367062,"comment_status":"closed","ping_status":"closed","sticky":false,"template":"","format":"standard","meta":[],"categories":[3841,3839,5951],"tags":[2618],"_links":{"self":[{"href":"http:\/\/desarrollo.grupomedios.com\/futbol\/wp-json\/wp\/v2\/posts\/365596"}],"collection":[{"href":"http:\/\/desarrollo.grupomedios.com\/futbol\/wp-json\/wp\/v2\/posts"}],"about":[{"href":"http:\/\/desarrollo.grupomedios.com\/futbol\/wp-json\/wp\/v2\/types\/post"}],"author":[{"embeddable":true,"href":"http:\/\/desarrollo.grupomedios.com\/futbol\/wp-json\/wp\/v2\/users\/20"}],"replies":[{"embeddable":true,"href":"http:\/\/desarrollo.grupomedios.com\/futbol\/wp-json\/wp\/v2\/comments?post=365596"}],"version-history":[{"count":0,"href":"http:\/\/desarrollo.grupomedios.com\/futbol\/wp-json\/wp\/v2\/posts\/365596\/revisions"}],"wp:featuredmedia":[{"embeddable":true,"href":"http:\/\/desarrollo.grupomedios.com\/futbol\/wp-json\/wp\/v2\/media\/367062"}],"wp:attachment":[{"href":"http:\/\/desarrollo.grupomedios.com\/futbol\/wp-json\/wp\/v2\/media?parent=365596"}],"wp:term":[{"taxonomy":"category","embeddable":true,"href":"http:\/\/desarrollo.grupomedios.com\/futbol\/wp-json\/wp\/v2\/categories?post=365596"},{"taxonomy":"post_tag","embeddable":true,"href":"http:\/\/desarrollo.grupomedios.com\/futbol\/wp-json\/wp\/v2\/tags?post=365596"}],"curies":[{"name":"wp","href":"https:\/\/api.w.org\/{rel}","templated":true}]}}