{"id":370911,"date":"2016-03-07T14:51:36","date_gmt":"2016-03-07T20:51:36","guid":{"rendered":"http:\/\/futboltotal.com.mx\/?p=370911"},"modified":"2016-03-07T14:56:57","modified_gmt":"2016-03-07T20:56:57","slug":"maria-sharapova-doping-positivo-en-abierto-australia","status":"publish","type":"post","link":"http:\/\/desarrollo.grupomedios.com\/futbol\/no-todo-es-futbol\/maria-sharapova-doping-positivo-en-abierto-australia\/2016\/03","title":{"rendered":"Mar\u00eda Sharapova, da positivo en d\u00f3ping"},"content":{"rendered":"<p><strong>Mar\u00eda Sharapova<\/strong> convoc\u00f3 a conferencia de prensa para este lunes 7 de marzo, en Australia, donde muchos especulaban que la tenista rusa anunciar\u00eda su retiro; sin embargo, lo que dio a conocer es que tuvo resultados positivos en las pruebas de d\u00f3ping del abierto de tenis.<\/p>\n<p>La sustancia en la que dio positivo es Meldonium, un medicamento que <strong>Mar\u00eda Sharapova<\/strong> consume desde 2006; sin embargo, no era prohibido a nivel deportivo hasta septiembre de 2015, cuando ingres\u00f3 en el listado de f\u00e1rmacos prohibidos.<\/p>\n<p style=\"text-align: center;\"><span style=\"color: #3366ff;\"><strong><a style=\"color: #3366ff;\" href=\"http:\/\/futboltotal.com.mx\/2016\/03\/omaha-peyton-manning-anuncio-retiro\/\" target=\"_blank\">LEER M\u00c1S: Peyton Maning se retira<\/a><\/strong><\/span><\/p>\n<p>&#8220;No quisiera terminar mi carrera de esta forma&#8221;, se\u00f1al\u00f3 <strong>Mar\u00eda Sharapova<\/strong> en la conferencia de prensa, a la que convoc\u00f3 para revalidar la postura abierta que siempre ha tenido con los medios de comunicaci\u00f3n.<\/p>\n<p>El Meldonium es una sustancia com\u00fanmente usada en Rusia, para aliviar malestares relacionados con estr\u00e9s; un problema de salud que aquej\u00f3 a <strong>Mar\u00eda Sharapova<\/strong> hace 10 a\u00f1os.<\/p>\n<p><a href=\"http:\/\/futboltotal.com.mx\/wp-content\/uploads\/2016\/03\/maria-sharapova-doping-positivo.jpg\" rel=\"attachment wp-att-370915\"><img decoding=\"async\" loading=\"lazy\" class=\"alignnone size-full wp-image-370915\" src=\"http:\/\/futboltotal.com.mx\/wp-content\/uploads\/2016\/03\/maria-sharapova-doping-positivo.jpg\" alt=\"maria-sharapova-doping-positivo\" srcset=\"http:\/\/desarrollo.grupomedios.com\/futbol\/wp-content\/uploads\/2016\/03\/maria-sharapova-doping-positivo.jpg 820w, http:\/\/desarrollo.grupomedios.com\/futbol\/wp-content\/uploads\/2016\/03\/maria-sharapova-doping-positivo-300x110.jpg 300w, http:\/\/desarrollo.grupomedios.com\/futbol\/wp-content\/uploads\/2016\/03\/maria-sharapova-doping-positivo-768x281.jpg 768w\" sizes=\"(max-width: 820px) 100vw, 820px\" \/><\/a><\/p>\n<p>Hasta el momento, <strong>Mar\u00eda Sharapova<\/strong> desconoce cu\u00e1l ser\u00e1 la sanci\u00f3n por dar positivo en la prueba de dopaje; y tampoco revel\u00f3 el futuro de su carrera.<\/p>\n","protected":false},"excerpt":{"rendered":"<p>La tenista consum\u00eda la sustancia desde hace 10 a\u00f1os<\/p>\n","protected":false},"author":20,"featured_media":370914,"comment_status":"closed","ping_status":"closed","sticky":false,"template":"","format":"standard","meta":[],"categories":[5418],"tags":[5841,5771],"_links":{"self":[{"href":"http:\/\/desarrollo.grupomedios.com\/futbol\/wp-json\/wp\/v2\/posts\/370911"}],"collection":[{"href":"http:\/\/desarrollo.grupomedios.com\/futbol\/wp-json\/wp\/v2\/posts"}],"about":[{"href":"http:\/\/desarrollo.grupomedios.com\/futbol\/wp-json\/wp\/v2\/types\/post"}],"author":[{"embeddable":true,"href":"http:\/\/desarrollo.grupomedios.com\/futbol\/wp-json\/wp\/v2\/users\/20"}],"replies":[{"embeddable":true,"href":"http:\/\/desarrollo.grupomedios.com\/futbol\/wp-json\/wp\/v2\/comments?post=370911"}],"version-history":[{"count":0,"href":"http:\/\/desarrollo.grupomedios.com\/futbol\/wp-json\/wp\/v2\/posts\/370911\/revisions"}],"wp:featuredmedia":[{"embeddable":true,"href":"http:\/\/desarrollo.grupomedios.com\/futbol\/wp-json\/wp\/v2\/media\/370914"}],"wp:attachment":[{"href":"http:\/\/desarrollo.grupomedios.com\/futbol\/wp-json\/wp\/v2\/media?parent=370911"}],"wp:term":[{"taxonomy":"category","embeddable":true,"href":"http:\/\/desarrollo.grupomedios.com\/futbol\/wp-json\/wp\/v2\/categories?post=370911"},{"taxonomy":"post_tag","embeddable":true,"href":"http:\/\/desarrollo.grupomedios.com\/futbol\/wp-json\/wp\/v2\/tags?post=370911"}],"curies":[{"name":"wp","href":"https:\/\/api.w.org\/{rel}","templated":true}]}}