{"id":378132,"date":"2016-03-08T08:00:30","date_gmt":"2016-03-08T14:00:30","guid":{"rendered":"http:\/\/futboltotal.com.mx\/?p=378132"},"modified":"2016-03-08T08:21:03","modified_gmt":"2016-03-08T14:21:03","slug":"dia-internacional-dela-mujer-iniciativas-en-pro-las-mujeres-en-futbol","status":"publish","type":"post","link":"http:\/\/desarrollo.grupomedios.com\/futbol\/destacado-home\/dia-internacional-dela-mujer-iniciativas-en-pro-las-mujeres-en-futbol\/2016\/03","title":{"rendered":"Iniciativas rosas en el futbol"},"content":{"rendered":"<p>Este martes 8 de marzo, se conmemora el <strong>D\u00eda Internacional de la Mujer<\/strong>, una celebraci\u00f3n centenaria que busca recordar la lucha del g\u00e9nero femenino por igualar las condiciones sociales con los varones.<\/p>\n<p>Ante esta conmemoraci\u00f3n, en <strong>Futbol Total<\/strong>, recordamos 5 <strong>iniciativas pro femeniles<\/strong>, que se han dado en la historia del balompi\u00e9.<\/p>\n<p><strong>Balones y campa\u00f1as<\/strong> | La Liga MX se ha encargado de hacer conciencia sobre el c\u00e1ncer de mama desde 2012, a trav\u00e9s del bal\u00f3n rosa que dise\u00f1\u00f3 VOIT. En cada torneo han apoyado a mujeres con esa afecci\u00f3n, y en los encuentros m\u00e1s recientes, los esf\u00e9ricos han llevado nombres de las f\u00e9minas y han hecho su caso, del conocimiento del p\u00fablico, para buscar su apoyo.<\/p>\n<p><a href=\"http:\/\/futboltotal.com.mx\/wp-content\/uploads\/2016\/03\/iniciativa-femenil-dia-internacional-de-la-mujer-balon.jpg\" rel=\"attachment wp-att-378177\"><img decoding=\"async\" loading=\"lazy\" class=\"alignnone size-full wp-image-378177\" src=\"http:\/\/futboltotal.com.mx\/wp-content\/uploads\/2016\/03\/iniciativa-femenil-dia-internacional-de-la-mujer-balon.jpg\" alt=\"iniciativa-femenil-dia-internacional-de-la-mujer-balon\" srcset=\"http:\/\/desarrollo.grupomedios.com\/futbol\/wp-content\/uploads\/2016\/03\/iniciativa-femenil-dia-internacional-de-la-mujer-balon.jpg 820w, http:\/\/desarrollo.grupomedios.com\/futbol\/wp-content\/uploads\/2016\/03\/iniciativa-femenil-dia-internacional-de-la-mujer-balon-300x110.jpg 300w, http:\/\/desarrollo.grupomedios.com\/futbol\/wp-content\/uploads\/2016\/03\/iniciativa-femenil-dia-internacional-de-la-mujer-balon-768x281.jpg 768w\" sizes=\"(max-width: 820px) 100vw, 820px\" \/><\/a><\/p>\n<p><strong>\u00c1rbitros<\/strong> | En 1998, luego de un tiempo de pol\u00e9mica y de lucha por conseguir abrir el futbol a ambos g\u00e9neros, Florencia Romano se convirti\u00f3 en la primera mujer \u00e1rbitro en dirigir a nivel profesional en el mundo, lo hizo en Argentina y sent\u00f3 un precedente para las f\u00e9minas en la historia del balompi\u00e9. En 2004, Virginia Tovar se convirti\u00f3 en la primera silbante en dirigir un encuentro de Liga MX,\u00a0la r\u00e9feri se retir\u00f3 en 2008.<\/p>\n<p><a href=\"http:\/\/futboltotal.com.mx\/wp-content\/uploads\/2016\/03\/iniciativa-femenil-dia-internacional-de-la-mujer-arbitro.jpg\" rel=\"attachment wp-att-378178\"><img decoding=\"async\" loading=\"lazy\" class=\"alignnone size-full wp-image-378178\" src=\"http:\/\/futboltotal.com.mx\/wp-content\/uploads\/2016\/03\/iniciativa-femenil-dia-internacional-de-la-mujer-arbitro.jpg\" alt=\"iniciativa-femenil-dia-internacional-de-la-mujer-arbitro\" srcset=\"http:\/\/desarrollo.grupomedios.com\/futbol\/wp-content\/uploads\/2016\/03\/iniciativa-femenil-dia-internacional-de-la-mujer-arbitro.jpg 820w, http:\/\/desarrollo.grupomedios.com\/futbol\/wp-content\/uploads\/2016\/03\/iniciativa-femenil-dia-internacional-de-la-mujer-arbitro-300x110.jpg 300w, http:\/\/desarrollo.grupomedios.com\/futbol\/wp-content\/uploads\/2016\/03\/iniciativa-femenil-dia-internacional-de-la-mujer-arbitro-768x281.jpg 768w\" sizes=\"(max-width: 820px) 100vw, 820px\" \/><\/a><\/p>\n<p><strong>Museo femenil<\/strong> | Con motivo del D\u00eda Internacional de la Mujer que se celebrar\u00e1 este martes 8 de marzo, el museo del Futbol Mundial de la FIFA, dar\u00e1 el acceso gratuito a todas las mujeres, quienes podr\u00e1n disfrutar de la exhibici\u00f3n femenil y del resto de las presentaciones del recinto.<\/p>\n<p><a href=\"http:\/\/futboltotal.com.mx\/wp-content\/uploads\/2016\/03\/iniciativa-femenil-dia-internacional-de-la-mujer-museo.jpg\" rel=\"attachment wp-att-378179\"><img decoding=\"async\" loading=\"lazy\" class=\"alignnone size-full wp-image-378179\" src=\"http:\/\/futboltotal.com.mx\/wp-content\/uploads\/2016\/03\/iniciativa-femenil-dia-internacional-de-la-mujer-museo.jpg\" alt=\"iniciativa-femenil-dia-internacional-de-la-mujer-museo\" srcset=\"http:\/\/desarrollo.grupomedios.com\/futbol\/wp-content\/uploads\/2016\/03\/iniciativa-femenil-dia-internacional-de-la-mujer-museo.jpg 820w, http:\/\/desarrollo.grupomedios.com\/futbol\/wp-content\/uploads\/2016\/03\/iniciativa-femenil-dia-internacional-de-la-mujer-museo-300x110.jpg 300w, http:\/\/desarrollo.grupomedios.com\/futbol\/wp-content\/uploads\/2016\/03\/iniciativa-femenil-dia-internacional-de-la-mujer-museo-768x281.jpg 768w\" sizes=\"(max-width: 820px) 100vw, 820px\" \/><\/a><\/p>\n<p><strong>FIFA 16<\/strong> | Para innovar y al mismo tiempo dar apertura a las mujeres en el mundo del futbol, el videojuego de la EA Sports a\u00f1adi\u00f3 el futbol femenil en la \u00faltima versi\u00f3n del FIFA, que abarca la temporada 2015-16; Alex Morgan fue la primera futbolista en aparecer en una portada del ejemplar, que se vendi\u00f3 en Estados Unidos.<\/p>\n<p><a href=\"http:\/\/futboltotal.com.mx\/wp-content\/uploads\/2016\/03\/iniciativa-femenil-dia-internacional-de-la-mujer-fifa-16.jpg\" rel=\"attachment wp-att-378180\"><img decoding=\"async\" loading=\"lazy\" class=\"alignnone size-full wp-image-378180\" src=\"http:\/\/futboltotal.com.mx\/wp-content\/uploads\/2016\/03\/iniciativa-femenil-dia-internacional-de-la-mujer-fifa-16.jpg\" alt=\"iniciativa-femenil-dia-internacional-de-la-mujer-fifa-16\" srcset=\"http:\/\/desarrollo.grupomedios.com\/futbol\/wp-content\/uploads\/2016\/03\/iniciativa-femenil-dia-internacional-de-la-mujer-fifa-16.jpg 820w, http:\/\/desarrollo.grupomedios.com\/futbol\/wp-content\/uploads\/2016\/03\/iniciativa-femenil-dia-internacional-de-la-mujer-fifa-16-300x110.jpg 300w, http:\/\/desarrollo.grupomedios.com\/futbol\/wp-content\/uploads\/2016\/03\/iniciativa-femenil-dia-internacional-de-la-mujer-fifa-16-768x281.jpg 768w\" sizes=\"(max-width: 820px) 100vw, 820px\" \/><\/a><\/p>\n<p><strong>Liga Femenil<\/strong> | Poco a poco, las federaciones de varios pa\u00edses han creado la versi\u00f3n femenil de sus ligas, con tal de hacer crecer el balompi\u00e9 de las mujeres, y por tanto, hacer m\u00e1s atractivas las competencias internacionales. En el caso de M\u00e9xico, en septiembre de 2015, la FMF dio apertura a la liga oficial, en lasa categor\u00edas sub-13 y sub-16.<\/p>\n<p><a href=\"http:\/\/futboltotal.com.mx\/wp-content\/uploads\/2016\/03\/iniciativa-femenil-dia-internacional-de-la-mujer-liga-mexicana.jpg\" rel=\"attachment wp-att-378181\"><img decoding=\"async\" loading=\"lazy\" class=\"alignnone size-full wp-image-378181\" src=\"http:\/\/futboltotal.com.mx\/wp-content\/uploads\/2016\/03\/iniciativa-femenil-dia-internacional-de-la-mujer-liga-mexicana.jpg\" alt=\"iniciativa-femenil-dia-internacional-de-la-mujer-liga-mexicana\" srcset=\"http:\/\/desarrollo.grupomedios.com\/futbol\/wp-content\/uploads\/2016\/03\/iniciativa-femenil-dia-internacional-de-la-mujer-liga-mexicana.jpg 820w, http:\/\/desarrollo.grupomedios.com\/futbol\/wp-content\/uploads\/2016\/03\/iniciativa-femenil-dia-internacional-de-la-mujer-liga-mexicana-300x110.jpg 300w, http:\/\/desarrollo.grupomedios.com\/futbol\/wp-content\/uploads\/2016\/03\/iniciativa-femenil-dia-internacional-de-la-mujer-liga-mexicana-768x281.jpg 768w\" sizes=\"(max-width: 820px) 100vw, 820px\" \/><\/a><\/p>\n","protected":false},"excerpt":{"rendered":"<p>Estos son los avances que ha tenido el g\u00e9nero femenino en el balompi\u00e9<\/p>\n","protected":false},"author":20,"featured_media":378133,"comment_status":"closed","ping_status":"closed","sticky":false,"template":"","format":"standard","meta":[],"categories":[5419,5,3839,2198],"tags":[6869,5506],"_links":{"self":[{"href":"http:\/\/desarrollo.grupomedios.com\/futbol\/wp-json\/wp\/v2\/posts\/378132"}],"collection":[{"href":"http:\/\/desarrollo.grupomedios.com\/futbol\/wp-json\/wp\/v2\/posts"}],"about":[{"href":"http:\/\/desarrollo.grupomedios.com\/futbol\/wp-json\/wp\/v2\/types\/post"}],"author":[{"embeddable":true,"href":"http:\/\/desarrollo.grupomedios.com\/futbol\/wp-json\/wp\/v2\/users\/20"}],"replies":[{"embeddable":true,"href":"http:\/\/desarrollo.grupomedios.com\/futbol\/wp-json\/wp\/v2\/comments?post=378132"}],"version-history":[{"count":0,"href":"http:\/\/desarrollo.grupomedios.com\/futbol\/wp-json\/wp\/v2\/posts\/378132\/revisions"}],"wp:featuredmedia":[{"embeddable":true,"href":"http:\/\/desarrollo.grupomedios.com\/futbol\/wp-json\/wp\/v2\/media\/378133"}],"wp:attachment":[{"href":"http:\/\/desarrollo.grupomedios.com\/futbol\/wp-json\/wp\/v2\/media?parent=378132"}],"wp:term":[{"taxonomy":"category","embeddable":true,"href":"http:\/\/desarrollo.grupomedios.com\/futbol\/wp-json\/wp\/v2\/categories?post=378132"},{"taxonomy":"post_tag","embeddable":true,"href":"http:\/\/desarrollo.grupomedios.com\/futbol\/wp-json\/wp\/v2\/tags?post=378132"}],"curies":[{"name":"wp","href":"https:\/\/api.w.org\/{rel}","templated":true}]}}