{"id":378232,"date":"2017-03-08T08:25:13","date_gmt":"2017-03-08T14:25:13","guid":{"rendered":"http:\/\/futboltotal.com.mx\/?p=378232"},"modified":"2017-03-08T13:45:30","modified_gmt":"2017-03-08T19:45:30","slug":"dia-internacional-la-mujer-duenas-del-balon","status":"publish","type":"post","link":"http:\/\/desarrollo.grupomedios.com\/futbol\/destacado-home\/dia-internacional-la-mujer-duenas-del-balon\/2017\/03","title":{"rendered":"Las due\u00f1as del bal\u00f3n: Mujeres al poder en el futbol"},"content":{"rendered":"<p>Este mi\u00e9rcoles 8 de marzo, se conmemora el\u00a0<strong>D\u00eda Internacional de la Mujer<\/strong>, una celebraci\u00f3n de m\u00e1s de 100 a\u00f1os que busca recordar la lucha del g\u00e9nero femenino por igualar las condiciones sociales con los varones.<\/p>\n<p>Ante esta conmemoraci\u00f3n, en\u00a0<strong>Futbol Total<\/strong>, recordamos a mujeres\u00a0que han destacado en el futbol nacional e internacional, ocupando cargos de dirigentes, situaci\u00f3n que les ha permitido ser consideradas <strong>due\u00f1as del bal\u00f3n<\/strong>.<\/p>\n<p class=\"p1\"><span class=\"s1\">[video_player]https:\/\/player.vimeo.com\/external\/207512490.hd.mp4?s=c05cf5a1ff8b619001c26dba761ffaa0cfd7c928&amp;profile_id=174|wide\u00a0[\/video_player]<\/span><\/p>\n<p><strong>Alejandra de la Vega<\/strong> | FC Ju\u00e1rez |\u00a0Presidenta de los\u00a0<em>Bravos<\/em>, cargo que ocup\u00f3 desde la creaci\u00f3n de la franquicia (2015), hasta 2016. Actualmente, el club milita en el\u00a0Ascenso MX y que le fue otorgado por\u00a0la experiencia que adquiri\u00f3 mientras era la mandam\u00e1s de Cobras,\u00a0en la d\u00e9cada de los noventa. Su desempe\u00f1o ha sido\u00a0notable, basta apuntar que\u00a0el equipo chihuahuense\u00a0se proclam\u00f3 campe\u00f3n\u00a0en el Apertura 2015,\u00a0torneo de debut. La empresaria dej\u00f3 al club porque incursion\u00f3 en la pol\u00edtica.<\/p>\n<p><strong>Barbara Berlusconi<\/strong> | Milan |\u00a0En 2011, se integr\u00f3 a la directiva del club de su padre, Silvio Berlusconi; dos a\u00f1os despu\u00e9s se convirti\u00f3 en CEO de los rossoneros, al lado de Adriano Galliani, puesto que ambos mantienen.<\/p>\n<p style=\"text-align: center;\"><span style=\"color: #3366ff;\"><a style=\"color: #3366ff;\" href=\"https:\/\/www.futboltotal.com.mx\/2017\/03\/andrea-morales-la-novia-javier-chofis-lopez\/\" target=\"_blank\"><strong>LEER M\u00c1S: Andrea Morales, la inspiraci\u00f3n de Chofis<\/strong><\/a><\/span><\/p>\n<p>&nbsp;<\/p>\n<p><strong>Delia Smith<\/strong> | Norwich City | Es una c\u00e9lebre cocinera de televisi\u00f3n, que en 1996 compr\u00f3 al equipo ingl\u00e9s Norwich City, junto con su esposo, Micheal Wynn-Jones. Con intr\u00e9pido manejo comercial, logr\u00f3 que el equipo ascendiera a la Premier League en 2015.<\/p>\n<p><strong>Lydia Nsekera<\/strong> | FIFA | Fue la primer mujer en ser elegida como miembro del Comit\u00e9 Ejecutivo del m\u00e1ximo organismo del futbol; en 2012, recibi\u00f3 95 votos y fue incorporada por un a\u00f1o. Meses despu\u00e9s, gan\u00f3 las elecciones por un per\u00edodo de cuatro a\u00f1os, por lo que es y ser\u00e1 recordada no s\u00f3lo como la primer mujer en incorporarse a los escritorios de la FIFA sino en lograr un mandato tan extenso como el de un hombre.<\/p>\n<p><strong>Ver\u00f3nica Gonz\u00e1lez<\/strong> | Delfines del Carmen | Los Delfines FC, fueron fundados en 2012, con Ver\u00f3nica como su presidenta; siendo as\u00ed, la primera mexicana en ocupar el puesto. Dur\u00f3 en el puesto dos a\u00f1os, hasta la desafiliaci\u00f3n del club, en 2014.<\/p>\n<p><strong>Ang\u00e9lica Fuentes<\/strong> | Chivas |\u00a0Previo a su separaci\u00f3n con Jorge Vergara -en la actualidad\u00a0sostienen un intenso conflicto legal-, tom\u00f3 decisi\u00f3n importante en uno de los equipos m\u00e1s importantes de M\u00e9xico. Durante siete a\u00f1os fue la mano derecha del hasta ahora due\u00f1o del <em>Reba\u00f1o<\/em> e incluso se sabe que fue responsable de la salida\u00a0de varios jugadores de la entidad <em>rojiblanca<\/em>, as\u00ed como la continuidad de otros tantos. En 2015 fue destituida de su cargo como CEO de grupo Chivas-Omnilife, tras concluir su situaci\u00f3n sentimental y laboral con el due\u00f1o del Guadalajara.<\/p>\n<p style=\"text-align: center;\"><strong><span style=\"color: #3366ff;\"><a href=\"http:\/\/futboltotal.com.mx\/2016\/03\/dia-internacional-dela-mujer-las-10-mejores-futbolistas\/\" target=\"_blank\">LEER M\u00c1S: Las 10 mejores futbolistas de la actualidad<\/a><\/span><\/strong><\/p>\n<p><strong>Margarita Louis Dreyfus<\/strong> | Olympique Marsella | Cuando su esposo, Robert Louis-Dreyfus, falleci\u00f3 en 2009, Margarita tom\u00f3 posesi\u00f3n de todas las industrias del empresario, entre ellas el Olympique Marsella de la Ligue 1. Tiene una fortuna aproximada de 6 mil mdd.<\/p>\n<p><strong>Katharina Liebherr<\/strong> | Southampton | La suiza es due\u00f1a del club de la Premier League, desde 2010, luego de que su padre Markus muriera de un paro cardiaco. Es la \u00fanica mujer propietaria de un club en la m\u00e1xima categor\u00eda del futbol ingl\u00e9s.<\/p>\n<p><strong>Salma Hayek<\/strong> | Rennes | Su caso es distinto, porque a pesar de ser una aficionada del futbol, no es propietaria directa de un club; pero est\u00e1 casada con Francois Pinault, un empresario multimillonario, due\u00f1o del Stade Rennais de la Ligue 1, que se ubica en Rennes de donde es originaria la familia del fil\u00e1ntropo.<\/p>\n<p><strong>Chabela Iglesias<\/strong> | Club de Cuervos | Aunque s\u00f3lo en la ficci\u00f3n, Isabel simplemente quer\u00eda hacer lo mejor para el equipo de su padre, pero su inexperto hermano le gan\u00f3 la presidencia. Al final de la primera temporada de la serie de Netflix, <em>Chabela<\/em> por fin logra su cometido y se convierte en la nueva presidenta del equipo.<\/p>\n<p><strong>S\u00edguenos en Twitte<\/strong>r: <a href=\"https:\/\/twitter.com\/MXFutbolTotal\" target=\"_blank\">@MXFutbolTotal<\/a><\/p>\n","protected":false},"excerpt":{"rendered":"<p>Mujeres que han destacado en el futbol, ocupando cargos de dirigentes.<\/p>\n","protected":false},"author":20,"featured_media":466870,"comment_status":"closed","ping_status":"closed","sticky":false,"template":"","format":"standard","meta":[],"categories":[5419,5,3839,2198],"tags":[6869],"_links":{"self":[{"href":"http:\/\/desarrollo.grupomedios.com\/futbol\/wp-json\/wp\/v2\/posts\/378232"}],"collection":[{"href":"http:\/\/desarrollo.grupomedios.com\/futbol\/wp-json\/wp\/v2\/posts"}],"about":[{"href":"http:\/\/desarrollo.grupomedios.com\/futbol\/wp-json\/wp\/v2\/types\/post"}],"author":[{"embeddable":true,"href":"http:\/\/desarrollo.grupomedios.com\/futbol\/wp-json\/wp\/v2\/users\/20"}],"replies":[{"embeddable":true,"href":"http:\/\/desarrollo.grupomedios.com\/futbol\/wp-json\/wp\/v2\/comments?post=378232"}],"version-history":[{"count":0,"href":"http:\/\/desarrollo.grupomedios.com\/futbol\/wp-json\/wp\/v2\/posts\/378232\/revisions"}],"wp:featuredmedia":[{"embeddable":true,"href":"http:\/\/desarrollo.grupomedios.com\/futbol\/wp-json\/wp\/v2\/media\/466870"}],"wp:attachment":[{"href":"http:\/\/desarrollo.grupomedios.com\/futbol\/wp-json\/wp\/v2\/media?parent=378232"}],"wp:term":[{"taxonomy":"category","embeddable":true,"href":"http:\/\/desarrollo.grupomedios.com\/futbol\/wp-json\/wp\/v2\/categories?post=378232"},{"taxonomy":"post_tag","embeddable":true,"href":"http:\/\/desarrollo.grupomedios.com\/futbol\/wp-json\/wp\/v2\/tags?post=378232"}],"curies":[{"name":"wp","href":"https:\/\/api.w.org\/{rel}","templated":true}]}}