{"id":378247,"date":"2016-03-08T09:32:35","date_gmt":"2016-03-08T15:32:35","guid":{"rendered":"http:\/\/futboltotal.com.mx\/?p=378247"},"modified":"2016-03-08T13:01:35","modified_gmt":"2016-03-08T19:01:35","slug":"portero-de-river-cumple-sueno-de-su-hijo-con-messi","status":"publish","type":"post","link":"http:\/\/desarrollo.grupomedios.com\/futbol\/futbol-internacional\/portero-de-river-cumple-sueno-de-su-hijo-con-messi\/2016\/03","title":{"rendered":"Portero de River cuenta an\u00e9cdota con Messi"},"content":{"rendered":"<p>El portero<strong> Marcelo Barovero<\/strong> fue uno de los progatonistas en la gran final del <strong>Mundial de Clubes<\/strong> pasado. Pese a que su equipo perdi\u00f3 el t\u00edtulo ante Barcelona rob\u00f3 c\u00e1mara tras atajarle un tiro a <strong>Lionel Mess<\/strong>i. Haberlo hecho no fue ef\u00edmero. Le permiti\u00f3 cumplir el sue\u00f1o de su hijo, de nueve a\u00f1os, y adem\u00e1s recibir del <em>crack<\/em> rosarino un gesto \u00fanico.<\/p>\n<p>Corr\u00eda el minuto 12 del partido cuando Messi, quien estaba dentro del \u00e1rea, sac\u00f3 un derechazo implacable directo a pimer poste, pero Barovero ejecut\u00f3 un lance magistral con el que neg\u00f3 el gol. Todav\u00eda en el contrarremate repiti\u00f3 la dosis y despu\u00e9s abraz\u00f3 el esf\u00e9rico. Lionel Messi se acerc\u00f3, le ayud\u00f3 a incorprarse y acarici\u00f3 la cabeza. Apenas lo tuvo enfrente, Barovero le dijo: &#8220;Cumpl\u00ed el sue\u00f1o de mi hijo&#8221;.<\/p>\n<p style=\"text-align: center;\"><span style=\"color: #3366ff;\"><strong><a style=\"color: #3366ff;\" href=\"http:\/\/futboltotal.com.mx\/futbol-internacional\/\">LEER M\u00c1S: Todas las noticias de futbol internacional<\/a><\/strong><\/span><\/p>\n<p>El arquero de River Plate revel\u00f3 por qu\u00e9 fue as\u00ed y el detalle que poco despu\u00e9s tuvo el argentino.<\/p>\n<p>\u201cCuando le ataj\u00e9 esa pelota le dije sin m\u00e1s &#8216;cumpl\u00ed el sue\u00f1o de m\u00ed hijo&#8217;. Mi hijo siempre me preguntaba: &#8216;\u00bfcu\u00e1ndo vas a jugar contra el Barcelona y le vas a atajar una pelota a Messi?&#8217;.<\/p>\n<p>Se lo dije a Messi y cuando termin\u00f3 el partido lo fui a saludar y a pedirle la camiseta, pero llegu\u00e9 tarde, ya se la hab\u00edan pedido otros\u201d, expres\u00f3 en una entrevista para la revista <em>El Gr\u00e1fico.<\/em><\/p>\n<p>A falta de la camiseta, Barovero hizo todo para conseguir una el\u00e1stica de alguno de los jugadores blaugranas, volvi\u00f3 a toparse con Messi y fue entonces cuando recibi\u00f3 un presente \u00fanico.<\/p>\n<p>&#8220;Nos vimos en la puerta del vestuario, fui con mi el\u00e1stica a pedirle si me la cambiaba con la de Bravo, me dijo que \u2018s\u00ed\u2019, y a los pocos minutos volvi\u00f3 con la camiseta de Bravo y con sus botas. \u2018\u00c9stas son para tu hijo\u2019, me dijo. Me qued\u00e9 helado. Fue un gesto del m\u00e1s grande\u201d, revel\u00f3 Barovero.<\/p>\n<p>&nbsp;<\/p>\n","protected":false},"excerpt":{"rendered":"<p>El arquero argentino pudo cumplir el sue\u00f1o de su hijo gracias a la Pulga<\/p>\n","protected":false},"author":20,"featured_media":378265,"comment_status":"closed","ping_status":"closed","sticky":false,"template":"","format":"standard","meta":[],"categories":[3839,5951],"tags":[6012,6870,164],"_links":{"self":[{"href":"http:\/\/desarrollo.grupomedios.com\/futbol\/wp-json\/wp\/v2\/posts\/378247"}],"collection":[{"href":"http:\/\/desarrollo.grupomedios.com\/futbol\/wp-json\/wp\/v2\/posts"}],"about":[{"href":"http:\/\/desarrollo.grupomedios.com\/futbol\/wp-json\/wp\/v2\/types\/post"}],"author":[{"embeddable":true,"href":"http:\/\/desarrollo.grupomedios.com\/futbol\/wp-json\/wp\/v2\/users\/20"}],"replies":[{"embeddable":true,"href":"http:\/\/desarrollo.grupomedios.com\/futbol\/wp-json\/wp\/v2\/comments?post=378247"}],"version-history":[{"count":0,"href":"http:\/\/desarrollo.grupomedios.com\/futbol\/wp-json\/wp\/v2\/posts\/378247\/revisions"}],"wp:featuredmedia":[{"embeddable":true,"href":"http:\/\/desarrollo.grupomedios.com\/futbol\/wp-json\/wp\/v2\/media\/378265"}],"wp:attachment":[{"href":"http:\/\/desarrollo.grupomedios.com\/futbol\/wp-json\/wp\/v2\/media?parent=378247"}],"wp:term":[{"taxonomy":"category","embeddable":true,"href":"http:\/\/desarrollo.grupomedios.com\/futbol\/wp-json\/wp\/v2\/categories?post=378247"},{"taxonomy":"post_tag","embeddable":true,"href":"http:\/\/desarrollo.grupomedios.com\/futbol\/wp-json\/wp\/v2\/tags?post=378247"}],"curies":[{"name":"wp","href":"https:\/\/api.w.org\/{rel}","templated":true}]}}