{"id":378253,"date":"2016-03-08T09:45:36","date_gmt":"2016-03-08T15:45:36","guid":{"rendered":"http:\/\/futboltotal.com.mx\/?p=378253"},"modified":"2016-03-08T10:24:31","modified_gmt":"2016-03-08T16:24:31","slug":"futbolista-la-roma-se-quedaria-real-madrid","status":"publish","type":"post","link":"http:\/\/desarrollo.grupomedios.com\/futbol\/futbol-internacional\/futbolista-la-roma-se-quedaria-real-madrid\/2016\/03","title":{"rendered":"Futbolista de la Roma se quedar\u00eda con Real Madrid"},"content":{"rendered":"<p><strong>Roma<\/strong> llega so\u00f1ando a Madrid. Sus nulas opciones tras el resultado de ida (0-2) no le impedir\u00e1n buscar lo \u00e9pico y luchar contra cualquier \u00a0obst\u00e1culo para alcanzar los cuartos de final de\u00a0Champions League.<\/p>\n<p>Pero una de las armas con las que se ilusiona la Roma es con el certero disparo de <strong>Miralem Pjanic<\/strong>. El centrocampista bosnio ya sabe lo que es convertirse en la pesadilla de una temporada para el <strong>Real Madrid<\/strong>. \u00c9l fue el art\u00edfice del gol del Olympique de Lyon en marzo de 2010 en los octavos de final en el Santiago Bernab\u00e9u.<\/p>\n<p style=\"text-align: center;\"><strong><span style=\"color: #3366ff;\"><a style=\"color: #3366ff;\" href=\"http:\/\/futboltotal.com.mx\/2016\/03\/miercoles-se-juzgara-la-ausencia-carlos-vela\/\">LEER M\u00c1S: Se avecinan problemas para Carlos Vela.<\/a><\/span><\/strong><\/p>\n<p>Con solo 19 a\u00f1os, Pjanic se convirti\u00f3 en otro cap\u00edtulo del proyecto de Florentino P\u00e9rez, que ese a\u00f1o hab\u00eda ilusionado a los fan\u00e1ticos del <strong>Real Madrid<\/strong> con los fichajes de Cristiano, Benzema y Kak\u00e1 y se ha mantenido como un deseo sin concretar del directivo.<\/p>\n<p>De acuerdo a la prensa italiana, la directiva del <strong>Real Madrid<\/strong> seguir\u00e1 a detalle al futbolista para un fichaje que se concretar\u00eda en verano, a un asequible precio de 30 millones de euros. Eso si no se enreda\u00a0la operaci\u00f3n\u00a0por culpa de Chelsea, Barcelona\u00a0o\u00a0Bayern, tambi\u00e9n interesados en el fino mediocampista.<\/p>\n<p style=\"text-align: center;\"><a href=\"http:\/\/futboltotal.com.mx\/2016\/03\/en-vivo-real-madrid-vs-roma-champions\/\"><strong><span style=\"color: #3366ff;\">LEER M\u00c1S: Real Madrid busca sellar tr\u00e1mite en Champions.<\/span><\/strong><\/a><\/p>\n<p>&nbsp;<\/p>\n","protected":false},"excerpt":{"rendered":"<p>Hoy visita el Santiago Bernab\u00e9u, en unos meses ser\u00eda su casa <\/p>\n","protected":false},"author":20,"featured_media":378269,"comment_status":"closed","ping_status":"closed","sticky":false,"template":"","format":"standard","meta":[],"categories":[3841,3839,3844,5951],"tags":[6318,5988,320],"_links":{"self":[{"href":"http:\/\/desarrollo.grupomedios.com\/futbol\/wp-json\/wp\/v2\/posts\/378253"}],"collection":[{"href":"http:\/\/desarrollo.grupomedios.com\/futbol\/wp-json\/wp\/v2\/posts"}],"about":[{"href":"http:\/\/desarrollo.grupomedios.com\/futbol\/wp-json\/wp\/v2\/types\/post"}],"author":[{"embeddable":true,"href":"http:\/\/desarrollo.grupomedios.com\/futbol\/wp-json\/wp\/v2\/users\/20"}],"replies":[{"embeddable":true,"href":"http:\/\/desarrollo.grupomedios.com\/futbol\/wp-json\/wp\/v2\/comments?post=378253"}],"version-history":[{"count":0,"href":"http:\/\/desarrollo.grupomedios.com\/futbol\/wp-json\/wp\/v2\/posts\/378253\/revisions"}],"wp:featuredmedia":[{"embeddable":true,"href":"http:\/\/desarrollo.grupomedios.com\/futbol\/wp-json\/wp\/v2\/media\/378269"}],"wp:attachment":[{"href":"http:\/\/desarrollo.grupomedios.com\/futbol\/wp-json\/wp\/v2\/media?parent=378253"}],"wp:term":[{"taxonomy":"category","embeddable":true,"href":"http:\/\/desarrollo.grupomedios.com\/futbol\/wp-json\/wp\/v2\/categories?post=378253"},{"taxonomy":"post_tag","embeddable":true,"href":"http:\/\/desarrollo.grupomedios.com\/futbol\/wp-json\/wp\/v2\/tags?post=378253"}],"curies":[{"name":"wp","href":"https:\/\/api.w.org\/{rel}","templated":true}]}}