{"id":378276,"date":"2016-03-08T11:05:39","date_gmt":"2016-03-08T17:05:39","guid":{"rendered":"http:\/\/futboltotal.com.mx\/?p=378276"},"modified":"2016-03-08T11:07:45","modified_gmt":"2016-03-08T17:07:45","slug":"niko-kovac-nuevo-tecnico-marco-fabian-eintracht-frankfurt","status":"publish","type":"post","link":"http:\/\/desarrollo.grupomedios.com\/futbol\/destacado-home\/niko-kovac-nuevo-tecnico-marco-fabian-eintracht-frankfurt\/2016\/03","title":{"rendered":"Niko Kovac, nuevo t\u00e9cnico de Marco Fabi\u00e1n"},"content":{"rendered":"<p>El <strong>Eintracht Frankfurt<\/strong> est\u00e1 en problemas. Actualmente en la posici\u00f3n n\u00famero 16 en la <strong>Bundesliga<\/strong>, la directiva del club decidi\u00f3 decir adi\u00f3s al estratega Armin Veh y este martes fue presentado el nuevo t\u00e9cnico del club: <strong>Niko Kovac,<\/strong> quien tendr\u00e1 como auxiliar a su hermano Robert.<\/p>\n<blockquote class=\"twitter-tweet\" data-lang=\"es\">\n<p lang=\"en\" dir=\"ltr\">WELCOME TO FRANKFURT NIKO<br \/>Niko Kovac is in charge as new <a href=\"https:\/\/twitter.com\/hashtag\/Eintracht?src=hash\">#Eintracht<\/a> manager.<a href=\"https:\/\/t.co\/QOLZfleZgp\">https:\/\/t.co\/QOLZfleZgp<\/a> <a href=\"https:\/\/twitter.com\/hashtag\/SGE?src=hash\">#SGE<\/a> <a href=\"https:\/\/t.co\/ttMb5d3OLF\">pic.twitter.com\/ttMb5d3OLF<\/a><\/p>\n<p>&mdash; Eintracht Frankfurt (@eintracht_eng) <a href=\"https:\/\/twitter.com\/eintracht_eng\/status\/707180095199383552\">8 de marzo de 2016<\/a><\/p><\/blockquote>\n<p><script async src=\"\/\/platform.twitter.com\/widgets.js\" charset=\"utf-8\"><\/script><\/p>\n<p>El estratega croata de 44 a\u00f1os firm\u00f3 contrato con el club hasta julio del 2017 y entre sus credenciales para quedarse con el puesto resalta su enorme experiencia en la Bundesliga, eso como jugador. Niko Kovac disput\u00f3 241 encuentros\u00a0Hertha BSC Berlin, Hamburger SV, Bayer Leverkusen y\u00a0Bayern Munich, con quien gan\u00f3 un doblete en 2003.<\/p>\n<p style=\"text-align: center;\"><span style=\"color: #3366ff;\"><strong><a style=\"color: #3366ff;\" href=\"http:\/\/futboltotal.com.mx\/2016\/03\/pase-de-gol-marco-fabian-en-empate-del-eintracht-frankfurt\/\">LEER M\u00c1S: Marco Fabi\u00e1n sirve asistencia en igualada del Frankfurt.<\/a><\/strong><\/span><\/p>\n<p>Adem\u00e1s, Eintracht Frankfurt destac\u00f3 su gen ganador y de l\u00edder, luego de que como internacional por Croacia particip\u00f3 en dos Copas del Mundo y ya como t\u00e9cnico, se hizo cargo de la selecci\u00f3n en el Mundial anterior, donde curiosamente enfrent\u00f3 a Marco Fabi\u00e1n, ahora uno de sus futbolistas dentro de la plantilla.<\/p>\n<p>&#8220;El objetivo de Niko Kovac ser\u00e1 darle la sacudida al equipo y\u00a0liberar la energ\u00eda con el fin de evitar el descenso. Estamos convencidos de que va a lograr eso&#8221;, enfatiz\u00f3 la directiva del Eintracht Frankfurt.<\/p>\n<p>El equipo ha sido bastante irregular en el certamen, raz\u00f3n por la que est\u00e1 inmerso en el lugar que obliga a un duelo para mantener la categor\u00eda. La presentaci\u00f3n de <strong>Marco Fabi\u00e1n<\/strong> con el club ilusion\u00f3. La presencia del mexicano gener\u00f3 la remontada ante el Wolfsburgo, con una jugada de fantas\u00eda sobre el descuento provoc\u00f3 el gol del triunfo en la \u00fanica victoria del club en la segunda vuelta\u00a0del campeonato.\u00a0Han transcurrido ocho partidos y el equipo solo ha conseguido siete unidades, situaci\u00f3n que oblig\u00f3 al cambio en el tim\u00f3n.<\/p>\n<p style=\"text-align: center;\"><strong><span style=\"color: #3366ff;\"><a style=\"color: #3366ff;\" href=\"http:\/\/futboltotal.com.mx\/2016\/03\/milagro-bayer-leverkusen-sin-chicharito\/\">LEER M\u00c1S: Milagro de Bayer Leverkusen&#8230; \u00a1Y sin Chicharito.<\/a><\/span><\/strong><\/p>\n","protected":false},"excerpt":{"rendered":"<p>El croata llega al Eintracht Frankfurt para evitar el descenso a la Bundesliga 2 <\/p>\n","protected":false},"author":20,"featured_media":378284,"comment_status":"closed","ping_status":"closed","sticky":false,"template":"","format":"standard","meta":[],"categories":[5,3839,6822,6718],"tags":[3588,131,6871],"_links":{"self":[{"href":"http:\/\/desarrollo.grupomedios.com\/futbol\/wp-json\/wp\/v2\/posts\/378276"}],"collection":[{"href":"http:\/\/desarrollo.grupomedios.com\/futbol\/wp-json\/wp\/v2\/posts"}],"about":[{"href":"http:\/\/desarrollo.grupomedios.com\/futbol\/wp-json\/wp\/v2\/types\/post"}],"author":[{"embeddable":true,"href":"http:\/\/desarrollo.grupomedios.com\/futbol\/wp-json\/wp\/v2\/users\/20"}],"replies":[{"embeddable":true,"href":"http:\/\/desarrollo.grupomedios.com\/futbol\/wp-json\/wp\/v2\/comments?post=378276"}],"version-history":[{"count":0,"href":"http:\/\/desarrollo.grupomedios.com\/futbol\/wp-json\/wp\/v2\/posts\/378276\/revisions"}],"wp:featuredmedia":[{"embeddable":true,"href":"http:\/\/desarrollo.grupomedios.com\/futbol\/wp-json\/wp\/v2\/media\/378284"}],"wp:attachment":[{"href":"http:\/\/desarrollo.grupomedios.com\/futbol\/wp-json\/wp\/v2\/media?parent=378276"}],"wp:term":[{"taxonomy":"category","embeddable":true,"href":"http:\/\/desarrollo.grupomedios.com\/futbol\/wp-json\/wp\/v2\/categories?post=378276"},{"taxonomy":"post_tag","embeddable":true,"href":"http:\/\/desarrollo.grupomedios.com\/futbol\/wp-json\/wp\/v2\/tags?post=378276"}],"curies":[{"name":"wp","href":"https:\/\/api.w.org\/{rel}","templated":true}]}}