{"id":378343,"date":"2016-03-08T10:48:12","date_gmt":"2016-03-08T16:48:12","guid":{"rendered":"http:\/\/futboltotal.com.mx\/?p=378343"},"modified":"2016-03-08T12:53:46","modified_gmt":"2016-03-08T18:53:46","slug":"memo-ochoa-recibe-respaldo-en-malaga","status":"publish","type":"post","link":"http:\/\/desarrollo.grupomedios.com\/futbol\/destacado-home\/memo-ochoa-recibe-respaldo-en-malaga\/2016\/03","title":{"rendered":"Memo Ochoa recibe respaldo en el M\u00e1laga"},"content":{"rendered":"<p>Tras la baja por lesi\u00f3n del portero camerun\u00e9s <strong>Carlos Kameni<\/strong>, el arco del <strong>M\u00e1laga<\/strong> queda a custod\u00eda de <strong>Guillermo Ochoa<\/strong>. En las pr\u00f3ximas 10 jornadas restantes de la Liga, el portero mexicano tendr\u00e1 actividad y en el conjunto andaluz conf\u00edan en su calidad, pese a que desde su llegada solo hab\u00eda tenido actividad en Copa del Rey.<\/p>\n<p>&#8220;La porter\u00eda est\u00e1 muy bien suplida&#8221;, dijo el defensa venezolano Roberto Rosales en rueda de prensa. &#8220;Como todos en el equipo, Ochoa es un gran profesional&#8221;, agreg\u00f3.<\/p>\n<p style=\"text-align: center;\"><span style=\"color: #3366ff;\"><strong><a style=\"color: #3366ff;\" href=\"http:\/\/futboltotal.com.mx\/?s=Guillermo+Ochoa\">LEER M\u00c1S: Todas las noticias de Guillermo Ochoa<\/a><\/strong><\/span><\/p>\n<p>Rosales, el zaguero con m\u00e1s partidos (27) en la presente temporada, lament\u00f3 la lesi\u00f3n de Kameni, quien ayer fue operado con \u00e9xito de la lesi\u00f3n en el menisco de la rodilla derecha. Asimimos record\u00f3 que hasta antes de ello, la disputa por la titularidad en la porter\u00eda fue leal.<\/p>\n<p>&#8220;Siempre ha habido esa competencia sana durante toda la temporada y creo que no va a haber problemas en ese sentido&#8221;, apunt\u00f3 el venezolano, quien agreg\u00f3: &#8220;Es dif\u00edcil la ausencia de Kameni, pero el equipo est\u00e1 preparado para suplirle&#8221;.<\/p>\n<p style=\"text-align: center;\"><span style=\"color: #3366ff;\"><strong><a style=\"color: #3366ff;\" href=\"http:\/\/futboltotal.com.mx\/futbol-internacional\/\">LEER M\u00c1S: Todas las noticias de futbol internacional<\/a><\/strong><\/span><\/p>\n<p>&nbsp;<\/p>\n","protected":false},"excerpt":{"rendered":"<p>En el conjunto andaluz conf\u00edan en el mexicano para suplir a Carlos Kameni<\/p>\n","protected":false},"author":20,"featured_media":378359,"comment_status":"closed","ping_status":"closed","sticky":false,"template":"","format":"standard","meta":[],"categories":[5,3839,3844],"tags":[5991,306],"_links":{"self":[{"href":"http:\/\/desarrollo.grupomedios.com\/futbol\/wp-json\/wp\/v2\/posts\/378343"}],"collection":[{"href":"http:\/\/desarrollo.grupomedios.com\/futbol\/wp-json\/wp\/v2\/posts"}],"about":[{"href":"http:\/\/desarrollo.grupomedios.com\/futbol\/wp-json\/wp\/v2\/types\/post"}],"author":[{"embeddable":true,"href":"http:\/\/desarrollo.grupomedios.com\/futbol\/wp-json\/wp\/v2\/users\/20"}],"replies":[{"embeddable":true,"href":"http:\/\/desarrollo.grupomedios.com\/futbol\/wp-json\/wp\/v2\/comments?post=378343"}],"version-history":[{"count":0,"href":"http:\/\/desarrollo.grupomedios.com\/futbol\/wp-json\/wp\/v2\/posts\/378343\/revisions"}],"wp:featuredmedia":[{"embeddable":true,"href":"http:\/\/desarrollo.grupomedios.com\/futbol\/wp-json\/wp\/v2\/media\/378359"}],"wp:attachment":[{"href":"http:\/\/desarrollo.grupomedios.com\/futbol\/wp-json\/wp\/v2\/media?parent=378343"}],"wp:term":[{"taxonomy":"category","embeddable":true,"href":"http:\/\/desarrollo.grupomedios.com\/futbol\/wp-json\/wp\/v2\/categories?post=378343"},{"taxonomy":"post_tag","embeddable":true,"href":"http:\/\/desarrollo.grupomedios.com\/futbol\/wp-json\/wp\/v2\/tags?post=378343"}],"curies":[{"name":"wp","href":"https:\/\/api.w.org\/{rel}","templated":true}]}}