{"id":378464,"date":"2016-03-08T15:59:31","date_gmt":"2016-03-08T21:59:31","guid":{"rendered":"http:\/\/futboltotal.com.mx\/?p=378464"},"modified":"2016-03-08T16:01:28","modified_gmt":"2016-03-08T22:01:28","slug":"maria-espinoza-obtiene-pase-a-rio-janeiro-2016","status":"publish","type":"post","link":"http:\/\/desarrollo.grupomedios.com\/futbol\/no-todo-es-futbol\/maria-espinoza-obtiene-pase-a-rio-janeiro-2016\/2016\/03","title":{"rendered":"Medallista ol\u00edmpica mexicana, con boleto a R\u00edo de Janeiro"},"content":{"rendered":"<p>La taekwondo\u00edn mexicana, <strong>Mar\u00eda Espinoza<\/strong>, obtuvo su pase a los <strong>Juegos Ol\u00edmpicos de R\u00edo de Janeiro 2016<\/strong>, luego de haber vencido a su compatriota, Briseida Acosta, por 6-3 en rounds celebrados en el Tecnol\u00f3gico de Monterrey.<\/p>\n<p><strong>Mar\u00eda Espinoza<\/strong> asegur\u00f3 participar en sus terceros Juegos Ol\u00edmpicos; en los dos anteriores, obtuvo una medalla: oro en Beijing 2008, y bronce en Londres 2012, por lo que planea repetir la tendencia, en <strong>R\u00edo de Janeiro 2016<\/strong>. \u00a0Tras conseguir su clasificaci\u00f3n, la taekwondo\u00edn comparti\u00f3 la emoci\u00f3n que le hizo sentir el pase, a trav\u00e9s de su cuenta de Twitter.<\/p>\n<p style=\"text-align: center;\"><span style=\"color: #3366ff;\"><strong><a style=\"color: #3366ff;\" href=\"http:\/\/futboltotal.com.mx\/2016\/03\/indignacion-en-chile-derrota-del-nublense\/\" target=\"_blank\">LEER M\u00c1S: La peor cr\u00f3nica de la historia<\/a><\/strong><\/span><\/p>\n<blockquote class=\"twitter-tweet\" data-lang=\"es\">\n<p dir=\"ltr\" lang=\"es\">Estoy muy contenta por mi clasificaci\u00f3n a JO <a href=\"https:\/\/twitter.com\/hashtag\/Rio2016?src=hash\">#Rio2016<\/a> y m\u00e1s por ir representando a M\u00e9xico y al Ej\u00e9rcito Mexicano <a href=\"https:\/\/twitter.com\/SEDENAmx\">@SEDENAmx<\/a> <a href=\"https:\/\/twitter.com\/S_Cienfuegos_Z\">@S_Cienfuegos_Z<\/a><\/p>\n<p>\u2014 Maria Espinoza (@mariespinozatkd) <a href=\"https:\/\/twitter.com\/mariespinozatkd\/status\/707320694535692288\">8 de marzo de 2016<\/a><\/p><\/blockquote>\n<p><script src=\"\/\/platform.twitter.com\/widgets.js\" async=\"\" charset=\"utf-8\"><\/script><\/p>\n<blockquote class=\"twitter-tweet\" data-lang=\"es\"><p>\nEn sus brazos y piernas tienen la capacidad para ser campeones ol\u00edmpicos y <a href=\"https:\/\/twitter.com\/CONADE\">@CONADE<\/a> les dar\u00e1 todo el apoyo (4\/4) <a href=\"https:\/\/t.co\/mrTO0YYhg4\">pic.twitter.com\/mrTO0YYhg4<\/a><\/p>\n<p>\u2014 Alfredo Castillo (@ACC_Castillo) <a href=\"https:\/\/twitter.com\/ACC_Castillo\/status\/707292146584281088\">8 de marzo de 2016<\/a>\n<\/p><\/blockquote>\n<p><script src=\"\/\/platform.twitter.com\/widgets.js\" async=\"\" charset=\"utf-8\"><\/script><\/p>\n<p>Por otra parte, Sa\u00fal Guti\u00e9rrez ser\u00e1 el representante mexicano en <strong>Taekwondo<\/strong> en la rama varon\u00edl, junto con Carlos Navarro; el primero competir\u00e1 en los 68 kg, mientras que el segundo, en 58 kg.<\/p>\n<p><strong><span style=\"color: #ff0000;\">VIDEO: Agenda de TV | Jornada 10 del Clausura 2016:<\/span><\/strong><\/p>\n<p>[video_player]https:\/\/player.vimeo.com\/external\/158202361.hd.mp4?s=139d3973bfda836b3a1fc471c10b29115141b2f5&amp;profile_id=113[\/video_player]<\/p>\n","protected":false},"excerpt":{"rendered":"<p>Mar\u00eda Espinoza ya tiene su boleto a los Juegos Ol\u00edmpicos<\/p>\n","protected":false},"author":20,"featured_media":378484,"comment_status":"closed","ping_status":"closed","sticky":false,"template":"","format":"standard","meta":[],"categories":[5418],"tags":[6874,5771,2608],"_links":{"self":[{"href":"http:\/\/desarrollo.grupomedios.com\/futbol\/wp-json\/wp\/v2\/posts\/378464"}],"collection":[{"href":"http:\/\/desarrollo.grupomedios.com\/futbol\/wp-json\/wp\/v2\/posts"}],"about":[{"href":"http:\/\/desarrollo.grupomedios.com\/futbol\/wp-json\/wp\/v2\/types\/post"}],"author":[{"embeddable":true,"href":"http:\/\/desarrollo.grupomedios.com\/futbol\/wp-json\/wp\/v2\/users\/20"}],"replies":[{"embeddable":true,"href":"http:\/\/desarrollo.grupomedios.com\/futbol\/wp-json\/wp\/v2\/comments?post=378464"}],"version-history":[{"count":0,"href":"http:\/\/desarrollo.grupomedios.com\/futbol\/wp-json\/wp\/v2\/posts\/378464\/revisions"}],"wp:featuredmedia":[{"embeddable":true,"href":"http:\/\/desarrollo.grupomedios.com\/futbol\/wp-json\/wp\/v2\/media\/378484"}],"wp:attachment":[{"href":"http:\/\/desarrollo.grupomedios.com\/futbol\/wp-json\/wp\/v2\/media?parent=378464"}],"wp:term":[{"taxonomy":"category","embeddable":true,"href":"http:\/\/desarrollo.grupomedios.com\/futbol\/wp-json\/wp\/v2\/categories?post=378464"},{"taxonomy":"post_tag","embeddable":true,"href":"http:\/\/desarrollo.grupomedios.com\/futbol\/wp-json\/wp\/v2\/tags?post=378464"}],"curies":[{"name":"wp","href":"https:\/\/api.w.org\/{rel}","templated":true}]}}