{"id":378473,"date":"2016-03-08T16:02:45","date_gmt":"2016-03-08T22:02:45","guid":{"rendered":"http:\/\/futboltotal.com.mx\/?p=378473"},"modified":"2016-03-08T16:03:26","modified_gmt":"2016-03-08T22:03:26","slug":"keylor-navas-imbatible-va-record-real-madrid","status":"publish","type":"post","link":"http:\/\/desarrollo.grupomedios.com\/futbol\/futbol-internacional\/keylor-navas-imbatible-va-record-real-madrid\/2016\/03","title":{"rendered":"Keylor Navas, el portero imbatible del Real Madrid"},"content":{"rendered":"<p>Si <strong>Real Madrid<\/strong> ha llegado de manera sencilla a los Cuartos de Final de la <strong>Champions League<\/strong> existen dos responsables primarios: Cristiano Ronaldo, cl\u00e1sico protagonista de los merengues (13 goles en el actual curso) y contra todos los pron\u00f3sticos, <strong>Keylor Navas<\/strong>, \u00fanico guardameta imbatible en el certamen continental.<\/p>\n<p>Keylor Navas acumul\u00f3 su sexto encuentro en el vigente torneo sin recibir gol y suma ya ocho en su historial. El cancerbero del Real Madrid es un muro en Europa y derrib\u00f3 una marca de otro mito de la porter\u00eda, el holand\u00e9s Edwin Van De Sar.<\/p>\n<p style=\"text-align: center;\"><strong><span style=\"color: #3366ff;\"><a style=\"color: #3366ff;\" href=\"http:\/\/futboltotal.com.mx\/2016\/03\/en-vivo-real-madrid-vs-roma-champions\/\">LEER M\u00c1S: As\u00ed se vivi\u00f3 | Real Madrid 2-0 Roma.<\/a><\/span><\/strong><\/p>\n<p>Navas ten\u00eda a 28 minutos la marca de minutos imbatido de Van der Sar (657 minutos) y la super\u00f3, no sin una cuota de angustia. Y es que la Roma fall\u00f3 en varias oportunidades, una clara de Dzeko y par de opciones de Salah, pero le que pudo ser tragedia para el conjunto espa\u00f1ol pas\u00f3 por ser solo un susto por las atinadas intervenciones de Keylor. Un registro el del exportero holand\u00e9s que data de la temporada 1995-96, cuando militaba en el Ajax.<\/p>\n<p>En su octavo partido en la Champions (dos en la anterior temporada y seis en \u00e9sta) a\u00fan no sabe lo que es encajar un gol. Suma 720 minutos sin conceder un tanto, lo que supone la segunda mejor racha de la historia de la competici\u00f3n. A <strong>Keylor Navas<\/strong> s\u00f3lo le queda Lehmann en el horizonte. El portero alem\u00e1n estuvo 853 minutos sin permitir anotaci\u00f3n con el Arsenal. Para convertirse en mito le falta partido y medio.<\/p>\n<p style=\"text-align: center;\"><span style=\"color: #3366ff;\"><strong><a style=\"color: #3366ff;\" href=\"http:\/\/futboltotal.com.mx\/2016\/03\/clasificados-a-cuartos-final-champions\/\">LEER M\u00c1S: Clasificados a cuartos de final Champions League. <\/a><\/strong><\/span><\/p>\n","protected":false},"excerpt":{"rendered":"<p>El guardameta tico lleg\u00f3 a ocho partidos sin recibir gol <\/p>\n","protected":false},"author":20,"featured_media":378488,"comment_status":"closed","ping_status":"closed","sticky":false,"template":"","format":"standard","meta":[],"categories":[3841,3839,5951],"tags":[36,5590,5988],"_links":{"self":[{"href":"http:\/\/desarrollo.grupomedios.com\/futbol\/wp-json\/wp\/v2\/posts\/378473"}],"collection":[{"href":"http:\/\/desarrollo.grupomedios.com\/futbol\/wp-json\/wp\/v2\/posts"}],"about":[{"href":"http:\/\/desarrollo.grupomedios.com\/futbol\/wp-json\/wp\/v2\/types\/post"}],"author":[{"embeddable":true,"href":"http:\/\/desarrollo.grupomedios.com\/futbol\/wp-json\/wp\/v2\/users\/20"}],"replies":[{"embeddable":true,"href":"http:\/\/desarrollo.grupomedios.com\/futbol\/wp-json\/wp\/v2\/comments?post=378473"}],"version-history":[{"count":0,"href":"http:\/\/desarrollo.grupomedios.com\/futbol\/wp-json\/wp\/v2\/posts\/378473\/revisions"}],"wp:featuredmedia":[{"embeddable":true,"href":"http:\/\/desarrollo.grupomedios.com\/futbol\/wp-json\/wp\/v2\/media\/378488"}],"wp:attachment":[{"href":"http:\/\/desarrollo.grupomedios.com\/futbol\/wp-json\/wp\/v2\/media?parent=378473"}],"wp:term":[{"taxonomy":"category","embeddable":true,"href":"http:\/\/desarrollo.grupomedios.com\/futbol\/wp-json\/wp\/v2\/categories?post=378473"},{"taxonomy":"post_tag","embeddable":true,"href":"http:\/\/desarrollo.grupomedios.com\/futbol\/wp-json\/wp\/v2\/tags?post=378473"}],"curies":[{"name":"wp","href":"https:\/\/api.w.org\/{rel}","templated":true}]}}