{"id":378698,"date":"2016-03-09T09:00:01","date_gmt":"2016-03-09T15:00:01","guid":{"rendered":"http:\/\/futboltotal.com.mx\/?p=378698"},"modified":"2016-03-09T09:00:01","modified_gmt":"2016-03-09T15:00:01","slug":"colocan-a-aubameyang-delantero-real-madrid","status":"publish","type":"post","link":"http:\/\/desarrollo.grupomedios.com\/futbol\/futbol-internacional\/colocan-a-aubameyang-delantero-real-madrid\/2016\/03","title":{"rendered":"Colocan a Aubameyang en el Real Madrid"},"content":{"rendered":"<p>Faltan varios meses para que la ventana de transferencia se abra, sin embargo, los rumores no paran. Este mi\u00e9rcoles una noticia del diario <em>Express<\/em> caus\u00f3 revuelo en Alemania. El rotativo indic\u00f3 que <strong>Pierre-Emerick Aubameyang<\/strong>, atacante del <strong>Borussia Dortmund<\/strong>, abandonar\u00eda la disciplina del equipo para cumplir un sue\u00f1o: jugar con el <strong>Real Madrid<\/strong>.<\/p>\n<p>El informe asegura que el club blanco y el alem\u00e1n han llegado a un acuerdo para el traspaso del jugador. <strong>Aubameyang<\/strong> ha firmado 32 goles en 37 encuentros disputados en el presente curso. El Real Madrid pagar\u00eda 100 millones de euros.<\/p>\n<p style=\"text-align: center;\"><strong><span style=\"color: #3366ff;\"><a style=\"color: #3366ff;\" href=\"http:\/\/futboltotal.com.mx\/2016\/02\/el-fantastico-aubameyang\/\">LEER M\u00c1S: El fant\u00e1stico Aubameyang.<\/a><\/span><\/strong><\/p>\n<p>El atacante gabon\u00e9s ya expres\u00f3 hace unos meses su inter\u00e9s por llegar al Real Madrid ya que aparte de su ser un equipo con un gran legado y en el que desde ni\u00f1o so\u00f1\u00f3 con jugar, fue una promesa que le realiz\u00f3 a su abuelo.<\/p>\n<p>&#8220;En 2014, antes de morir mi abuelo, que era de \u00c1vila, le promet\u00ed que iba a jugar all\u00ed. Ser\u00e1 complicado, pero est\u00e1 en un rinc\u00f3n de mi cabeza. Cuando yo era un ni\u00f1o, vi a Hugo S\u00e1nchez en videos. La voltereta hacia atr\u00e1s que a veces hago cuando marco es en realidad un homenaje a \u00e9l&#8221;. revel\u00f3 a <em>L&#8217;Equipe Magazine<\/em>.<\/p>\n<p>Aunque existe un gran inconveniente:<strong>\u00a0<\/strong>Michael Zorc. El\u00a0director deportivo del Borussia\u00a0neg\u00f3\u00a0que se haya producido alg\u00fan\u00a0acuerdo entre el Madrid y su club por el traspaso del delantero franc\u00e9s de origen gabon\u00e9s. &#8220;Es una tonter\u00eda, no hay ning\u00fan acuerdo&#8221;, dijo a <em>Bild<\/em>.<\/p>\n<p style=\"text-align: center;\"><strong><span style=\"color: #3366ff;\"><a style=\"color: #3366ff;\" href=\"http:\/\/futboltotal.com.mx\/2016\/03\/el-singular-look-de-mats-hummels\/\">LEER M\u00c1S: El singular look de Mats Hummels.<\/a>\u00a0<\/span><\/strong><\/p>\n","protected":false},"excerpt":{"rendered":"<p>El gabon\u00e9s lleva 22 goles en 24 juegos disputados este curso en la Bundesliga <\/p>\n","protected":false},"author":20,"featured_media":378704,"comment_status":"closed","ping_status":"closed","sticky":false,"template":"","format":"standard","meta":[],"categories":[3839,6822,3844,5951],"tags":[6047,5078,5988],"_links":{"self":[{"href":"http:\/\/desarrollo.grupomedios.com\/futbol\/wp-json\/wp\/v2\/posts\/378698"}],"collection":[{"href":"http:\/\/desarrollo.grupomedios.com\/futbol\/wp-json\/wp\/v2\/posts"}],"about":[{"href":"http:\/\/desarrollo.grupomedios.com\/futbol\/wp-json\/wp\/v2\/types\/post"}],"author":[{"embeddable":true,"href":"http:\/\/desarrollo.grupomedios.com\/futbol\/wp-json\/wp\/v2\/users\/20"}],"replies":[{"embeddable":true,"href":"http:\/\/desarrollo.grupomedios.com\/futbol\/wp-json\/wp\/v2\/comments?post=378698"}],"version-history":[{"count":0,"href":"http:\/\/desarrollo.grupomedios.com\/futbol\/wp-json\/wp\/v2\/posts\/378698\/revisions"}],"wp:featuredmedia":[{"embeddable":true,"href":"http:\/\/desarrollo.grupomedios.com\/futbol\/wp-json\/wp\/v2\/media\/378704"}],"wp:attachment":[{"href":"http:\/\/desarrollo.grupomedios.com\/futbol\/wp-json\/wp\/v2\/media?parent=378698"}],"wp:term":[{"taxonomy":"category","embeddable":true,"href":"http:\/\/desarrollo.grupomedios.com\/futbol\/wp-json\/wp\/v2\/categories?post=378698"},{"taxonomy":"post_tag","embeddable":true,"href":"http:\/\/desarrollo.grupomedios.com\/futbol\/wp-json\/wp\/v2\/tags?post=378698"}],"curies":[{"name":"wp","href":"https:\/\/api.w.org\/{rel}","templated":true}]}}