{"id":378706,"date":"2016-03-09T09:08:22","date_gmt":"2016-03-09T15:08:22","guid":{"rendered":"http:\/\/futboltotal.com.mx\/?p=378706"},"modified":"2016-03-09T13:53:22","modified_gmt":"2016-03-09T19:53:22","slug":"gullit-pena-ira-a-rehabilitacion","status":"publish","type":"post","link":"http:\/\/desarrollo.grupomedios.com\/futbol\/futbol-mexicano\/gullit-pena-ira-a-rehabilitacion\/2016\/03","title":{"rendered":"Gullit Pe\u00f1a ir\u00e1 a rehabilitaci\u00f3n"},"content":{"rendered":"<p>Luego de presentarse al entrenamiento del lunes en estado inconveniente, las <strong>Chivas<\/strong> ingresar\u00e1n a <strong>Carlos Pe\u00f1a<\/strong> al \u00e1rea de Desarrollo Humano, donde realizar\u00e1 trabajos de rehabilitaci\u00f3n.<\/p>\n<p>En ese sentido, trasciende que la indisciplina de esta semana no es la primera del <em>Gullit<\/em>, quien reci\u00e9n lleg\u00f3 al <em>Reba\u00f1o<\/em> en el presente torneo.<\/p>\n<p style=\"text-align: center;\"><span style=\"color: #3366ff;\"><strong><a style=\"color: #3366ff;\" href=\"http:\/\/futboltotal.com.mx\/2016\/03\/los-5-peores-refuerzos-del-clausura-2016\/\">LEER M\u00c1S: Los peores refuerzos del Clausura 2016<\/a><\/strong><\/span><\/p>\n<p>\u201cEn <strong>Chivas<\/strong> saben que el formado en Pachuca tiene un bar en Le\u00f3n y que va cada vez que los tiempos se lo permiten.. hace dos semanas, al llegar de una fiesta, choc\u00f3 con su camioneta a tres autos mientras intentaba estacionarse\u201d, publica <em>As M\u00e9xico<\/em>.<\/p>\n<p>Ante ese panorama, se espera que el talentoso volante reciba una sanci\u00f3n interna en <strong>Chivas<\/strong>. Por lo pronto, se sabe que no fue considerado para el juego de la Copa MX contra Dorados, que se realizar\u00e1 esta noche en el Omnilife.<\/p>\n<p style=\"text-align: center;\"><span style=\"color: #3366ff;\"><strong><a style=\"color: #3366ff;\" href=\"http:\/\/futboltotal.com.mx\/2016\/03\/los-5-mejores-refuerzos-del-clausura-2016\/\">LEER M\u00c1S: Los mejores refuerzos del Clausura 2016<\/a><\/strong><\/span><\/p>\n<p><strong>Carlos Pe\u00f1a<\/strong> tuvo un notable arranque con los <strong>Chivas<\/strong>, sin embargo, su rendimiento vino a menos de manera considerable, lo que le ha valido severas cr\u00edticas, pues est\u00e1 lejos de mostrar el nivel que luci\u00f3 en Le\u00f3n, ese que incluso le permiti\u00f3 ser ubicado en la \u00f3rbita de equipos europeos.<\/p>\n<p><strong><span style=\"color: #ff0000;\">VIDEO:<\/span><\/strong><span style=\"color: #ff0000;\">\u00a0Agenda de TV | Jornada 10 del Clausura 2016<\/span><\/p>\n<p>[video_player]https:\/\/player.vimeo.com\/external\/158202361.hd.mp4?s=139d3973bfda836b3a1fc471c10b29115141b2f5&amp;profile_id=113[\/video_player]<\/p>\n","protected":false},"excerpt":{"rendered":"<p>Chivas trabaja con las indisciplinas de su flamante refuerzo<\/p>\n","protected":false},"author":20,"featured_media":378707,"comment_status":"closed","ping_status":"closed","sticky":false,"template":"","format":"standard","meta":[],"categories":[2198,3845,5950],"tags":[70,1754],"_links":{"self":[{"href":"http:\/\/desarrollo.grupomedios.com\/futbol\/wp-json\/wp\/v2\/posts\/378706"}],"collection":[{"href":"http:\/\/desarrollo.grupomedios.com\/futbol\/wp-json\/wp\/v2\/posts"}],"about":[{"href":"http:\/\/desarrollo.grupomedios.com\/futbol\/wp-json\/wp\/v2\/types\/post"}],"author":[{"embeddable":true,"href":"http:\/\/desarrollo.grupomedios.com\/futbol\/wp-json\/wp\/v2\/users\/20"}],"replies":[{"embeddable":true,"href":"http:\/\/desarrollo.grupomedios.com\/futbol\/wp-json\/wp\/v2\/comments?post=378706"}],"version-history":[{"count":0,"href":"http:\/\/desarrollo.grupomedios.com\/futbol\/wp-json\/wp\/v2\/posts\/378706\/revisions"}],"wp:featuredmedia":[{"embeddable":true,"href":"http:\/\/desarrollo.grupomedios.com\/futbol\/wp-json\/wp\/v2\/media\/378707"}],"wp:attachment":[{"href":"http:\/\/desarrollo.grupomedios.com\/futbol\/wp-json\/wp\/v2\/media?parent=378706"}],"wp:term":[{"taxonomy":"category","embeddable":true,"href":"http:\/\/desarrollo.grupomedios.com\/futbol\/wp-json\/wp\/v2\/categories?post=378706"},{"taxonomy":"post_tag","embeddable":true,"href":"http:\/\/desarrollo.grupomedios.com\/futbol\/wp-json\/wp\/v2\/tags?post=378706"}],"curies":[{"name":"wp","href":"https:\/\/api.w.org\/{rel}","templated":true}]}}