{"id":378742,"date":"2016-03-09T11:05:44","date_gmt":"2016-03-09T17:05:44","guid":{"rendered":"http:\/\/futboltotal.com.mx\/?p=378742"},"modified":"2016-03-09T11:05:44","modified_gmt":"2016-03-09T17:05:44","slug":"golazo-inedito-messi","status":"publish","type":"post","link":"http:\/\/desarrollo.grupomedios.com\/futbol\/videos\/golazo-inedito-messi\/2016\/03","title":{"rendered":"\u00a1El golazo in\u00e9dito de Messi!"},"content":{"rendered":"<p>Cuando <strong>Messi<\/strong> era un ni\u00f1o y vest\u00eda la camiseta de <strong>Newell\u00b4s Old Boys<\/strong>, marc\u00f3 un gran gol. La <em>Pulga<\/em> recibi\u00f3\u00a0el bal\u00f3n antes de media cancha, hizo un sombrero y le peg\u00f3 de larga distancia. El bal\u00f3n termin\u00f3 en la red tras un esplendido remate de vaselina.<br \/>\n<iframe loading=\"lazy\" src=\"https:\/\/www.youtube.com\/embed\/iuKOIh6An7Q\" frameborder=\"0\" allowfullscreen=\"allowfullscreen\"><\/iframe><\/p>\n","protected":false},"excerpt":{"rendered":"<p>Un video muestra c\u00f3mo el crack del Barcelona anot\u00f3 desde media cancha <\/p>\n","protected":false},"author":20,"featured_media":378754,"comment_status":"closed","ping_status":"closed","sticky":false,"template":"","format":"standard","meta":[],"categories":[3839,4],"tags":[5984,3881,6012],"_links":{"self":[{"href":"http:\/\/desarrollo.grupomedios.com\/futbol\/wp-json\/wp\/v2\/posts\/378742"}],"collection":[{"href":"http:\/\/desarrollo.grupomedios.com\/futbol\/wp-json\/wp\/v2\/posts"}],"about":[{"href":"http:\/\/desarrollo.grupomedios.com\/futbol\/wp-json\/wp\/v2\/types\/post"}],"author":[{"embeddable":true,"href":"http:\/\/desarrollo.grupomedios.com\/futbol\/wp-json\/wp\/v2\/users\/20"}],"replies":[{"embeddable":true,"href":"http:\/\/desarrollo.grupomedios.com\/futbol\/wp-json\/wp\/v2\/comments?post=378742"}],"version-history":[{"count":0,"href":"http:\/\/desarrollo.grupomedios.com\/futbol\/wp-json\/wp\/v2\/posts\/378742\/revisions"}],"wp:featuredmedia":[{"embeddable":true,"href":"http:\/\/desarrollo.grupomedios.com\/futbol\/wp-json\/wp\/v2\/media\/378754"}],"wp:attachment":[{"href":"http:\/\/desarrollo.grupomedios.com\/futbol\/wp-json\/wp\/v2\/media?parent=378742"}],"wp:term":[{"taxonomy":"category","embeddable":true,"href":"http:\/\/desarrollo.grupomedios.com\/futbol\/wp-json\/wp\/v2\/categories?post=378742"},{"taxonomy":"post_tag","embeddable":true,"href":"http:\/\/desarrollo.grupomedios.com\/futbol\/wp-json\/wp\/v2\/tags?post=378742"}],"curies":[{"name":"wp","href":"https:\/\/api.w.org\/{rel}","templated":true}]}}