{"id":378846,"date":"2016-03-09T14:13:28","date_gmt":"2016-03-09T20:13:28","guid":{"rendered":"http:\/\/futboltotal.com.mx\/?p=378846"},"modified":"2016-03-09T14:16:06","modified_gmt":"2016-03-09T20:16:06","slug":"le-estan-dano-a-mi-familia-gullit","status":"publish","type":"post","link":"http:\/\/desarrollo.grupomedios.com\/futbol\/futbol-mexicano\/le-estan-dano-a-mi-familia-gullit\/2016\/03","title":{"rendered":"\u201cLe est\u00e1n haciendo da\u00f1o a mi familia\u201d: Gullit"},"content":{"rendered":"<p>Se presume que\u00a0<a href=\"http:\/\/futboltotal.com.mx\/2016\/03\/gullit-pena-ira-a-rehabilitacion\/\" target=\"_blank\"><strong>Carlos Pe\u00f1a<\/strong>\u00a0se\u00a0present\u00f3 al entrenamiento del lunes en estado inconveniente<\/a> -se dice que con\u00a0aliento alcoh\u00f3lico-. Y ante ello, trascendi\u00f3\u00a0que\u00a0la directiva de las\u00a0<strong><a href=\"http:\/\/futboltotal.com.mx\/equipos\/guadalajara\/\" target=\"_blank\">Chivas\u00a0del Guadalajara<\/a>\u00a0<\/strong>ingresar\u00edan al <em>Gullit<\/em>\u00a0al \u00e1rea de Desarrollo Humano\u00a0para hacer\u00a0trabajos de rehabilitaci\u00f3n.<\/p>\n<p>Adem\u00e1s, medios nacionales agregan que los actos de indisciplina del volante mexicano, quien reci\u00e9n lleg\u00f3 al\u00a0<em>Reba\u00f1o<\/em>\u00a0en el presente torneo, no son nuevas.<\/p>\n<p style=\"text-align: center;\"><span style=\"color: #3366ff;\"><strong><a style=\"color: #3366ff;\" href=\"http:\/\/futboltotal.com.mx\/2016\/03\/los-5-peores-refuerzos-del-clausura-2016\/\">LEER M\u00c1S: Los peores refuerzos del Clausura 2016<\/a><\/strong><\/span><\/p>\n<p>Y ante los duros se\u00f1alamientos, el propio <strong>Carlos\u00a0Pe\u00f1a<\/strong> sali\u00f3 al paso. En improvisada charla con los medios de comunicaci\u00f3n al final del entrenamiento de este mi\u00e9rcoles, el <em>Gullit<\/em> asegur\u00f3\u00a0que todo lo que se ha publicado sobre \u00e9l, es mentira.<\/p>\n<p>\u201cDemasiadas mentiras, pero todo bien, todo tranquil\u00f3n (sic)\u2026 no hagan caso a ese tipo de cosas que est\u00e1n saliendo&#8221;, dijo de manera escueta el\u00a0volante de las <strong>Chivas<\/strong>.<\/p>\n<p><em>\u00bfQu\u00e9 piensas de lo que se publica. Te duele\u2026?<\/em>, se le cuestion\u00f3 al <em>Gullit<\/em>.<\/p>\n<p>\u201cEso es mentira, son puros chismes. La prensa as\u00ed es, no me espant\u00f3 de eso. No pasa nada\u2026 No me duele, porque yo s\u00e9 que no es cierto, pero la verdad es que le est\u00e1n haciendo da\u00f1o a mi familia. \u00a1Tengo hijas y lo ven en la escuela! Ellas sufren todo eso\u201d, respondi\u00f3 <strong>Carlos Pe\u00f1a<\/strong>.<\/p>\n<p style=\"text-align: center;\"><span style=\"color: #3366ff;\"><strong><a style=\"color: #3366ff;\" href=\"http:\/\/futboltotal.com.mx\/2016\/03\/los-5-mejores-refuerzos-del-clausura-2016\/\">LEER M\u00c1S: Los mejores refuerzos del Clausura 2016<\/a><\/strong><\/span><\/p>\n<p>En materia netamente deportiva, el <em>Gullit<\/em> apunt\u00f3 que por cuestiones t\u00e9cnicas qued\u00f3 fuera de la plantilla <em>rojiblanca<\/em> que esta noche enfrentara a Dorados, dentro de la Copa MX.<\/p>\n<p>Adem\u00e1s, asegur\u00f3 que\u00a0trabaja para ser referente del <em>Reba\u00f1o<\/em>, al tiempo que espera marcar diferencia en el Cl\u00e1sico Nacional ante las <em>\u00c1guilas<\/em> del Am\u00e9rica, duelo que se disputar\u00e1 el pr\u00f3ximo domingo.<\/p>\n<p>\u201cSiempre es importante marcar, an\u00edmicamente te sientes mejor. Y bueno, siempre es mejor que el equipo gane y saque los tres puntos&#8221;, dijo el jugador de las <strong>Chivas<\/strong>.<\/p>\n<p><strong><span style=\"color: #ff0000;\">VIDEO:<\/span><\/strong><span style=\"color: #ff0000;\">\u00a0Agenda de TV | Jornada 10 del Clausura 2016<\/span><\/p>\n<p>[video_player]https:\/\/player.vimeo.com\/external\/158202361.hd.mp4?s=139d3973bfda836b3a1fc471c10b29115141b2f5&amp;profile_id=113[\/video_player]<\/p>\n","protected":false},"excerpt":{"rendered":"<p>El volante de Chivas asegura que lo que se dice de \u00e9l son mentiras<\/p>\n","protected":false},"author":20,"featured_media":378860,"comment_status":"closed","ping_status":"closed","sticky":false,"template":"","format":"standard","meta":[],"categories":[2198,3845,5950],"tags":[70,1754],"_links":{"self":[{"href":"http:\/\/desarrollo.grupomedios.com\/futbol\/wp-json\/wp\/v2\/posts\/378846"}],"collection":[{"href":"http:\/\/desarrollo.grupomedios.com\/futbol\/wp-json\/wp\/v2\/posts"}],"about":[{"href":"http:\/\/desarrollo.grupomedios.com\/futbol\/wp-json\/wp\/v2\/types\/post"}],"author":[{"embeddable":true,"href":"http:\/\/desarrollo.grupomedios.com\/futbol\/wp-json\/wp\/v2\/users\/20"}],"replies":[{"embeddable":true,"href":"http:\/\/desarrollo.grupomedios.com\/futbol\/wp-json\/wp\/v2\/comments?post=378846"}],"version-history":[{"count":0,"href":"http:\/\/desarrollo.grupomedios.com\/futbol\/wp-json\/wp\/v2\/posts\/378846\/revisions"}],"wp:featuredmedia":[{"embeddable":true,"href":"http:\/\/desarrollo.grupomedios.com\/futbol\/wp-json\/wp\/v2\/media\/378860"}],"wp:attachment":[{"href":"http:\/\/desarrollo.grupomedios.com\/futbol\/wp-json\/wp\/v2\/media?parent=378846"}],"wp:term":[{"taxonomy":"category","embeddable":true,"href":"http:\/\/desarrollo.grupomedios.com\/futbol\/wp-json\/wp\/v2\/categories?post=378846"},{"taxonomy":"post_tag","embeddable":true,"href":"http:\/\/desarrollo.grupomedios.com\/futbol\/wp-json\/wp\/v2\/tags?post=378846"}],"curies":[{"name":"wp","href":"https:\/\/api.w.org\/{rel}","templated":true}]}}