{"id":378878,"date":"2016-03-10T08:15:43","date_gmt":"2016-03-10T14:15:43","guid":{"rendered":"http:\/\/futboltotal.com.mx\/?p=378878"},"modified":"2016-03-27T16:22:43","modified_gmt":"2016-03-27T22:22:43","slug":"promesas-mexicanas-incumplidas","status":"publish","type":"post","link":"http:\/\/desarrollo.grupomedios.com\/futbol\/destacado-home\/promesas-mexicanas-incumplidas\/2016\/03","title":{"rendered":"Bofo Bautista&#8230; Y otras promesas mexicanas incumplidas"},"content":{"rendered":"<p>La tentaci\u00f3n de crear un nuevo \u00eddolo a veces es irresistible. Una obra de arte en forma de gol, un torneo explosivo o una irrupci\u00f3n temprana en el m\u00e1ximo circuito puede detonar las esperanzas de una afici\u00f3n.\u00a0El <strong>futbol mexicano<\/strong>, tan corto de aut\u00e9nticos \u00eddolos, es un medio propicio para el entusiasmo desmedido que luego se convierte en monumental desencanto.<\/p>\n<p>Baja de juego, malas decisiones fuera del campo, problemas personales o las exageradas expectativas de afici\u00f3n y prensa, provocaron que estos cinco futbolistas no alcanzaron -a distintas escalas- las alturas que se les auguraban.<\/p>\n<p><span style=\"color: #ff0000;\"><strong>Adolfo Bautista<\/strong> |<\/span>\u00a0La pelota dibuj\u00f3 una par\u00e1bola perfecta, potente, que culmin\u00f3 en un costado de la red. Con aquel portento de <strong>Adolfo Bautista<\/strong>, <a href=\"http:\/\/www.futboltotal.com.mx\/equipos\/guadalajara\/\" target=\"_blank\">Chivas<\/a> culmin\u00f3 la humillaci\u00f3n sobre Boca Juniors, en la Ida de los Cuartos de Final de la Libertadores 2005. Fue una prueba m\u00e1s de la calidad del <em>Bofo<\/em>.<\/p>\n<p>Campe\u00f3n con Guadalajara (Apertura 2006) y Pachuca (Apertura 2003), pose\u00eda toque, visi\u00f3n y gol. Sus <em>looks<\/em> estrafalarios parec\u00edan buen complemento para el futbol de un tipo que cuando estaba enchufado electrizaba la pelota y alteraba el rumbo de un partido.<\/p>\n<p style=\"text-align: center;\"><strong><span style=\"color: #3366ff;\"><a style=\"color: #3366ff;\" href=\"http:\/\/www.futboltotal.com.mx\/2016\/03\/liga-mx-version-superheroes-dc-comics-infografia\/\" target=\"_blank\">LEER M\u00c1S: Liga MX versi\u00f3n superh\u00e9roes<\/a><\/span><\/strong><\/p>\n<p>Sin embargo, la indisciplina, bajas futbol\u00edsticas, sobrepeso y -sobre todo- las muestras de su talento cada vez m\u00e1s espaciadas, formaron alrededor de su carrera una capa que termin\u00f3 aisl\u00e1ndolo del balompi\u00e9 de primera. Una de sus m\u00e1s tristes y c\u00e9lebres exhibiciones fue en octavos de final de Sud\u00e1frica 2010, ante Argentina, cuando el <em>Conejo<\/em> P\u00e9rez, en su \u00e1rea, recorri\u00f3 una distancia mayor que el <em>Bofo<\/em>.<\/p>\n<p>Luego de pasar por el Ascenso y la MLS, <strong>Adolfo\u00a0Bautista<\/strong>\u00a0<span style=\"color: #3366ff;\"><a style=\"color: #3366ff;\" href=\"http:\/\/futboltotal.com.mx\/2015\/12\/bofo-bautista-encuentra-equipo-en-estados-unidos\/\" target=\"_blank\">hoy juega en una liga de futbol indoor en Estados Unidos<\/a><\/span> y mantiene la ilusi\u00f3n de volver a M\u00e9xico \u201cpara un partido de despedida con Chivas\u201d.<\/p>\n<p><a href=\"http:\/\/futboltotal.com.mx\/wp-content\/uploads\/2016\/03\/bofo.jpg\" rel=\"attachment wp-att-378942\"><img decoding=\"async\" loading=\"lazy\" class=\"alignnone wp-image-378942 size-full\" src=\"http:\/\/futboltotal.com.mx\/wp-content\/uploads\/2016\/03\/bofo.jpg\" alt=\"bofo\" srcset=\"http:\/\/desarrollo.grupomedios.com\/futbol\/wp-content\/uploads\/2016\/03\/bofo.jpg 820w, http:\/\/desarrollo.grupomedios.com\/futbol\/wp-content\/uploads\/2016\/03\/bofo-300x128.jpg 300w, http:\/\/desarrollo.grupomedios.com\/futbol\/wp-content\/uploads\/2016\/03\/bofo-768x328.jpg 768w\" sizes=\"(max-width: 820px) 100vw, 820px\" \/><\/a><\/p>\n<p><span style=\"color: #ff0000;\"><strong>V\u00edctor Ma\u00f1\u00f3n<\/strong> |<\/span>\u00a0La tarde del s\u00e1bado 8 de septiembre de 2007, <strong>Ma\u00f1\u00f3n<\/strong> se convirti\u00f3 en el debutante m\u00e1s joven en la liga mexicana, con 15 a\u00f1os. El canterano del Pachuca sigui\u00f3 cerca del primer equipo dos a\u00f1os, aunque sin regularidad. Eso no impidi\u00f3 que, en 2009, este centrodelantero fuera parte del <em>Tri<\/em> en el Mundial Sub 17. Eso y su experiencia internacional con los <em>Tuzos<\/em>\u00a0(CONCACAF y Sudamericana), hac\u00edan pensar que se consolidar\u00eda.<\/p>\n<p>No obstante, no lo logr\u00f3 con el cuadro hidalguense\u00a0y tras seis meses en el Ascenso con <em>Indios<\/em> de Ciudad Ju\u00e1rez, volvi\u00f3 a primera con Veracruz, donde tampoco fue constante, por lo que a mediados de 2015 regres\u00f3 a la divisi\u00f3n de plata, ahora con el equipo de su natal Celaya. <strong>V\u00edctor Ma\u00f1\u00f3n<\/strong>, hoy de 24 a\u00f1os, tiene cumplir una meta en 2016: \u201cVolver a Primera Divisi\u00f3n, no pierdo eso de vista\u201d.<\/p>\n<p style=\"text-align: center;\"><span style=\"color: #3366ff;\"><strong><a style=\"color: #3366ff;\" href=\"http:\/\/www.futboltotal.com.mx\/2016\/03\/portal-holandes-coloca-a-hirving-lozano-en-porto\/\" target=\"_blank\">LEER M\u00c1S: Hirving Lozano, en la mira de cinco clubes europeos<\/a><\/strong><\/span><\/p>\n<p><span style=\"color: #ff0000;\"><strong>C\u00e9sar Villaluz<\/strong> |<\/span>\u00a0<span style=\"color: #3366ff;\"><a style=\"color: #3366ff;\" href=\"http:\/\/futboltotal.com.mx\/2015\/10\/mexico-sub-17-maquina-de-un-sueno-imposible\/\" target=\"_blank\">Integr\u00f3 al <em>Tricolor<\/em> Campe\u00f3n Mundial Sub 17 en 2005<\/a><\/span>. En un cuadro con nombres como Giovani dos Santos y Carlos Vela, <strong>Villaluz<\/strong>\u00a0brill\u00f3 en Per\u00fa por derecho propio y fue uno de los goleadores de aquella escuadra, con tres tantos (solo detr\u00e1s del <em>Bombardero<\/em> y Ever Guzm\u00e1n). Con el 18 en la espalda, marc\u00f3 dos de las anotaciones con que M\u00e9xico dobleg\u00f3 a Holanda en <em>semis<\/em>.<\/p>\n<p>Seis meses despu\u00e9s, debut\u00f3 con Cruz Azul en primera y en 2007 comenz\u00f3 a tener continuidad. Se esperaba que fuera una figura de la <em>M\u00e1quina<\/em>, pero aunque se mantuvo ah\u00ed 12 torneos, no logr\u00f3 consolidarse y en 2012 comenzaron los traspasos: San Luis, <em>Tigres<\/em> y <em>Jaguares<\/em>; los \u00faltimos dos terminaron peleando su custodia, pero a la inversa: \u201cNo es m\u00edo, es tuyo\u201d. Lesiones, baja de juego y problemas con sus contratos lo tienen hoy en el Atl\u00e9tico San Luis del Ascenso.<\/p>\n<p><a href=\"http:\/\/futboltotal.com.mx\/wp-content\/uploads\/2016\/03\/villaluz.jpg\" rel=\"attachment wp-att-378943\"><img decoding=\"async\" loading=\"lazy\" class=\"alignnone size-full wp-image-378943\" src=\"http:\/\/futboltotal.com.mx\/wp-content\/uploads\/2016\/03\/villaluz.jpg\" alt=\"villaluz\" srcset=\"http:\/\/desarrollo.grupomedios.com\/futbol\/wp-content\/uploads\/2016\/03\/villaluz.jpg 820w, http:\/\/desarrollo.grupomedios.com\/futbol\/wp-content\/uploads\/2016\/03\/villaluz-300x128.jpg 300w, http:\/\/desarrollo.grupomedios.com\/futbol\/wp-content\/uploads\/2016\/03\/villaluz-768x328.jpg 768w\" sizes=\"(max-width: 820px) 100vw, 820px\" \/><\/a><\/p>\n<p><span style=\"color: #ff0000;\"><strong>Gabriel Garc\u00eda<\/strong> |<\/span>\u00a0A mediados de 1996, una nueva era nac\u00eda en el futbol mexicano y con ella -parec\u00eda-, un nuevo goleador. El Invierno 96 fue el primer torneo corto en M\u00e9xico y en el que <strong>Gabriel Garc\u00eda<\/strong> comenz\u00f3 a hacerse de un nombre. Debut\u00f3 en 1993 (anot\u00e1ndole a <em>Pumas<\/em>) pero fue en aquel torneo cuando sus 13 goles con Chivas le permitieron pelearle el t\u00edtulo de goleo individual al espa\u00f1ol Carlos Mu\u00f1oz -quien termin\u00f3 gan\u00e1ndolo, con 15-.<\/p>\n<p>Aunque no fue Campe\u00f3n de goleo en ese torneo, el <em>Gaby<\/em> se perfilaba para ser el nuevo romperredes nacional o -al menos- el nuevo gran \u00eddolo del <em>Reba\u00f1o<\/em>. El futuro escribi\u00f3 una historia bastante distinta\u2026<\/p>\n<p style=\"text-align: center;\"><span style=\"color: #3366ff;\"><strong><a style=\"color: #3366ff;\" href=\"http:\/\/www.futboltotal.com.mx\/2016\/03\/crisis-gol-en-chivas-sin-dinamita-en-la-ofensiva\/\">LEER M\u00c1S: Crisis de gol en Chivas\u2026 \u00a1Sin dinamita!<\/a><\/strong><\/span><\/p>\n<p>En los siguientes tres torneos solo anot\u00f3 tres veces, por lo que pas\u00f3 en 1998 al Morelia, donde su cosecha frente al arco no mejor\u00f3. En tres a\u00f1os con la <em>Monarqu\u00eda<\/em> anot\u00f3 solo dos veces y su carrera en el m\u00e1ximo circuito termin\u00f3 en 2002.<\/p>\n<p><span style=\"color: #ff0000;\"><strong>Nery Castillo<\/strong> |<\/span>\u00a0<span style=\"color: #3366ff;\"><a style=\"color: #3366ff;\" href=\"http:\/\/futboltotal.com.mx\/2015\/04\/nery-castillo-la-leyenda-olympiakos\/\" target=\"_blank\">En 2003, la noticia de un mexicano triunfando en Grecia encendi\u00f3 el inter\u00e9s local<\/a><\/span>. M\u00e1s cuando Ricardo La Volpe asegur\u00f3 que buscar\u00eda al chico del Olympiakos para el <em>Tri<\/em>\u00a0Preol\u00edmpico rumbo a Atenas 2004 o incluso para el mayor. <strong>Nery Castillo<\/strong> ten\u00eda 19 a\u00f1os, naci\u00f3 en San Luis Potos\u00ed, donde su padre -uruguayo del mismo nombre- jug\u00f3 para el Atl\u00e9tico Potosino.<\/p>\n<p>Tras intentos, negativas, rumores, lleg\u00f3 al <em>Tri<\/em> cuando el t\u00e9cnico ya era Hugo S\u00e1nchez, en 2007. Ese a\u00f1o mostr\u00f3 su talento en la Copa Oro y estall\u00f3 en la Copa Am\u00e9rica, donde invent\u00f3 un gol a Brasil con trazos art\u00edsticos: sombrerito y suave definici\u00f3n de aire. Pintaba para ser una figura mexicana en el siguiente Mundial, pero\u2026<\/p>\n<p>En 2007, con su millonario traspaso al Shakhtar Donetsk inici\u00f3 un declive: lesiones, problemas personales, una compleja ruta -Ucrania, Estados Unidos, Espa\u00f1a, incluso M\u00e9xico, con Pachuca y Le\u00f3n- minaron su desempe\u00f1o, hasta que se borr\u00f3 del mapa futbol\u00edstico en 2014. Hoy, en Grecia, <strong>Nery Castillo\u00a0<\/strong>pasa sus d\u00edas m\u00e1s cerca de la pesca y el p\u00e1del que del bal\u00f3n.<\/p>\n<p><a href=\"http:\/\/futboltotal.com.mx\/wp-content\/uploads\/2016\/03\/nery.jpg\" rel=\"attachment wp-att-378947\"><img decoding=\"async\" loading=\"lazy\" class=\"alignnone size-full wp-image-378947\" src=\"http:\/\/futboltotal.com.mx\/wp-content\/uploads\/2016\/03\/nery.jpg\" alt=\"nery\" srcset=\"http:\/\/desarrollo.grupomedios.com\/futbol\/wp-content\/uploads\/2016\/03\/nery.jpg 820w, http:\/\/desarrollo.grupomedios.com\/futbol\/wp-content\/uploads\/2016\/03\/nery-300x128.jpg 300w, http:\/\/desarrollo.grupomedios.com\/futbol\/wp-content\/uploads\/2016\/03\/nery-768x328.jpg 768w\" sizes=\"(max-width: 820px) 100vw, 820px\" \/><\/a><\/p>\n<p><strong><span style=\"color: red;\">VIDEO: Liga MX versi\u00f3n Superh\u00e9roes de DC C\u00f3mics<\/span><\/strong><\/p>\n<p>[video_player]https:\/\/player.vimeo.com\/external\/160168822.sd.mp4?s=7e2d0cde2ccd4fdd61b7c84c89d685d24eb1ead7&amp;profile_id=165[\/video_player]<\/p>\n","protected":false},"excerpt":{"rendered":"<p>Ilusionaron a M\u00e9xico, pero no explotaron todo su potencial<\/p>\n","protected":false},"author":20,"featured_media":378940,"comment_status":"closed","ping_status":"closed","sticky":false,"template":"","format":"standard","meta":[],"categories":[3843,5,2198,3845],"tags":[6458],"_links":{"self":[{"href":"http:\/\/desarrollo.grupomedios.com\/futbol\/wp-json\/wp\/v2\/posts\/378878"}],"collection":[{"href":"http:\/\/desarrollo.grupomedios.com\/futbol\/wp-json\/wp\/v2\/posts"}],"about":[{"href":"http:\/\/desarrollo.grupomedios.com\/futbol\/wp-json\/wp\/v2\/types\/post"}],"author":[{"embeddable":true,"href":"http:\/\/desarrollo.grupomedios.com\/futbol\/wp-json\/wp\/v2\/users\/20"}],"replies":[{"embeddable":true,"href":"http:\/\/desarrollo.grupomedios.com\/futbol\/wp-json\/wp\/v2\/comments?post=378878"}],"version-history":[{"count":0,"href":"http:\/\/desarrollo.grupomedios.com\/futbol\/wp-json\/wp\/v2\/posts\/378878\/revisions"}],"wp:featuredmedia":[{"embeddable":true,"href":"http:\/\/desarrollo.grupomedios.com\/futbol\/wp-json\/wp\/v2\/media\/378940"}],"wp:attachment":[{"href":"http:\/\/desarrollo.grupomedios.com\/futbol\/wp-json\/wp\/v2\/media?parent=378878"}],"wp:term":[{"taxonomy":"category","embeddable":true,"href":"http:\/\/desarrollo.grupomedios.com\/futbol\/wp-json\/wp\/v2\/categories?post=378878"},{"taxonomy":"post_tag","embeddable":true,"href":"http:\/\/desarrollo.grupomedios.com\/futbol\/wp-json\/wp\/v2\/tags?post=378878"}],"curies":[{"name":"wp","href":"https:\/\/api.w.org\/{rel}","templated":true}]}}