{"id":378909,"date":"2016-03-09T15:58:12","date_gmt":"2016-03-09T21:58:12","guid":{"rendered":"http:\/\/futboltotal.com.mx\/?p=378909"},"modified":"2016-03-09T15:58:12","modified_gmt":"2016-03-09T21:58:12","slug":"edwin-van-der-sar-regresa-al-futbol","status":"publish","type":"post","link":"http:\/\/desarrollo.grupomedios.com\/futbol\/futbol-internacional\/edwin-van-der-sar-regresa-al-futbol\/2016\/03","title":{"rendered":"Edwin Van der Sar regresa al futbol"},"content":{"rendered":"<p>El futbol es una pasi\u00f3n que es muy dif\u00edcil de abandonar. <strong>Edwin van der Sar<\/strong> lo entiende y por ello, con 45 a\u00f1os, decidi\u00f3 regresar al balompi\u00e9.<\/p>\n<p>El exportero del Manchester United se pondr\u00e1 de nuevo los guantes para jugar en el VV Noordwijk, el club con el que dio sus primeros pasos en Holanda y que milita actualmente en cuarta divisi\u00f3n.<\/p>\n<p>Hace cinco a\u00f1os que <strong>Van der Sar<\/strong> disput\u00f3 su \u00faltimo partido como profesional: fue aquella noche en la que el Manchester United perdi\u00f3 1-3 contra el Barcelona en la final de la Champions League.<\/p>\n<p style=\"text-align: center;\"><span style=\"color: #3366ff;\"><strong><a style=\"color: #3366ff;\" href=\"http:\/\/futboltotal.com.mx\/2016\/03\/la-real-sociedad-cambia-a-diego-reyes\/\">LEER M\u00c1S: La Real Sociedad transforma a Diego Reyes.<\/a><\/strong><\/span><\/p>\n<p>La Llegada de<strong> Van der Sar<\/strong>, cuyo registro de imbatilidad en la Champions <span style=\"color: #3366ff;\"><strong><a style=\"color: #3366ff;\" href=\"http:\/\/futboltotal.com.mx\/2016\/03\/keylor-navas-imbatible-va-record-real-madrid\/\">fue superado por Keylor Navas<\/a> <\/strong><\/span>en el partido ante el Roma, se produce porque el VV Noordwijk perdi\u00f3\u00a0a su guardameta por lesi\u00f3n y \u00e9l est\u00e1 decidido a colaborar con el equipo de su infancia.<\/p>\n<p>&#8220;Edwin todav\u00eda lleva al Noordwijk en el coraz\u00f3n, a veces viene a los partidos&#8221;, coment\u00f3 un directivo del modesto club europeo. &#8220;Le pedimos un favor y est\u00e1 contento de poder ayudarnos&#8221;.<\/p>\n","protected":false},"excerpt":{"rendered":"<p>El m\u00edtico guardameta holand\u00e9s vuelve al club en el que inici\u00f3 <\/p>\n","protected":false},"author":20,"featured_media":378939,"comment_status":"closed","ping_status":"closed","sticky":false,"template":"","format":"standard","meta":[],"categories":[3839,5951],"tags":[6877,4934],"_links":{"self":[{"href":"http:\/\/desarrollo.grupomedios.com\/futbol\/wp-json\/wp\/v2\/posts\/378909"}],"collection":[{"href":"http:\/\/desarrollo.grupomedios.com\/futbol\/wp-json\/wp\/v2\/posts"}],"about":[{"href":"http:\/\/desarrollo.grupomedios.com\/futbol\/wp-json\/wp\/v2\/types\/post"}],"author":[{"embeddable":true,"href":"http:\/\/desarrollo.grupomedios.com\/futbol\/wp-json\/wp\/v2\/users\/20"}],"replies":[{"embeddable":true,"href":"http:\/\/desarrollo.grupomedios.com\/futbol\/wp-json\/wp\/v2\/comments?post=378909"}],"version-history":[{"count":0,"href":"http:\/\/desarrollo.grupomedios.com\/futbol\/wp-json\/wp\/v2\/posts\/378909\/revisions"}],"wp:featuredmedia":[{"embeddable":true,"href":"http:\/\/desarrollo.grupomedios.com\/futbol\/wp-json\/wp\/v2\/media\/378939"}],"wp:attachment":[{"href":"http:\/\/desarrollo.grupomedios.com\/futbol\/wp-json\/wp\/v2\/media?parent=378909"}],"wp:term":[{"taxonomy":"category","embeddable":true,"href":"http:\/\/desarrollo.grupomedios.com\/futbol\/wp-json\/wp\/v2\/categories?post=378909"},{"taxonomy":"post_tag","embeddable":true,"href":"http:\/\/desarrollo.grupomedios.com\/futbol\/wp-json\/wp\/v2\/tags?post=378909"}],"curies":[{"name":"wp","href":"https:\/\/api.w.org\/{rel}","templated":true}]}}