{"id":378910,"date":"2016-03-09T15:44:44","date_gmt":"2016-03-09T21:44:44","guid":{"rendered":"http:\/\/futboltotal.com.mx\/?p=378910"},"modified":"2016-03-09T15:52:24","modified_gmt":"2016-03-09T21:52:24","slug":"raul-potro-gutierrez-discute-aficionados-en-twitter","status":"publish","type":"post","link":"http:\/\/desarrollo.grupomedios.com\/futbol\/futbol-mexicano\/raul-potro-gutierrez-discute-aficionados-en-twitter\/2016\/03","title":{"rendered":"Ya dejen de llorar regios: Ra\u00fal Guti\u00e9rrez"},"content":{"rendered":"<p>El director t\u00e9cnico de la <strong><a href=\"http:\/\/futboltotal.com.mx\/futbol-mexicano\/seleccion-mexicana\/\" target=\"_blank\">Selecci\u00f3n Mexicana sub-23<\/a><\/strong>, <strong>Ra\u00fal el Potro Guti\u00e9rrez<\/strong>, sostuvo una discusi\u00f3n con aficionados de Monterrey a trav\u00e9s de Twitter, tras el encuentro de Copa MX de Pachuca y <em>Rayados<\/em>, en el estadio Hidalgo.<\/p>\n<p>Un aficionado insinu\u00f3 a <strong>Ra\u00fal Guti\u00e9rrez<\/strong>, que el zaguero C\u00e9sar Montes deber\u00eda pertenecer a la <strong>Selecci\u00f3n Mexicana<\/strong> que participar\u00e1 en los Juegos Ol\u00edmpicos de R\u00edo de Janeiro 2016; sin embargo, el hincha se refiri\u00f3 al estratega de mala forma, por lo que el <strong>Potro<\/strong> contest\u00f3.<\/p>\n<blockquote class=\"twitter-tweet\" data-lang=\"es\">\n<p dir=\"ltr\" lang=\"es\">En tu cara <a href=\"https:\/\/twitter.com\/Potropegaso21\">@Potropegaso21<\/a> <a href=\"https:\/\/t.co\/YyrFT6b6aN\">https:\/\/t.co\/YyrFT6b6aN<\/a><\/p>\n<p>\u2014 El Negro (@elgus20) <a href=\"https:\/\/twitter.com\/elgus20\/status\/707401180687642624\">marzo 9, 2016<\/a><\/p><\/blockquote>\n<p><script src=\"\/\/platform.twitter.com\/widgets.js\" async=\"\" charset=\"utf-8\"><\/script><\/p>\n<blockquote class=\"twitter-tweet\" data-lang=\"es\"><p>\n<a href=\"https:\/\/twitter.com\/elgus20\">@elgus20<\/a> Avanzaron??? Jajaja&#8230; No es lo mismo tener a Basanta a un lado vdd&#8230;<a href=\"https:\/\/twitter.com\/hashtag\/bloqueadoporciego?src=hash\">#bloqueadoporciego<\/a><\/p>\n<p>\u2014 RAULGTZ.\u00ae (@Potropegaso21) <a href=\"https:\/\/twitter.com\/Potropegaso21\/status\/707413469994192896\">marzo 9, 2016<\/a>\n<\/p><\/blockquote>\n<p><script src=\"\/\/platform.twitter.com\/widgets.js\" async=\"\" charset=\"utf-8\"><\/script><\/p>\n<p>La respuesta del <strong>Potro<\/strong> no fue bien recibida por aficionados del Monterrey, con quienes empez\u00f3 una discusi\u00f3n a trav\u00e9s de Twitter, hasta que \u00e9l mismo detuvo la ri\u00f1a, con un comentario de despedida; no sin antes haberles sugerido, que dejaran de llorar.<\/p>\n<blockquote class=\"twitter-tweet\" data-lang=\"es\">\n<p dir=\"ltr\" lang=\"es\">Ya regios dejen de llorar que hay que ver a <a href=\"https:\/\/twitter.com\/ArturoGlz10\">@ArturoGlz10<\/a> (gol) <a href=\"https:\/\/twitter.com\/GIBRAN_LAJUD\">@GIBRAN_LAJUD<\/a> <a href=\"https:\/\/twitter.com\/alonsoescoboza\">@alonsoescoboza<\/a> <a href=\"https:\/\/twitter.com\/GuzmanPocho\">@GuzmanPocho<\/a>(que les anot\u00f3 golazo)<\/p>\n<p>\u2014 RAULGTZ.\u00ae (@Potropegaso21) <a href=\"https:\/\/twitter.com\/Potropegaso21\/status\/707417440469188608\">marzo 9, 2016<\/a><\/p><\/blockquote>\n<p><script src=\"\/\/platform.twitter.com\/widgets.js\" async=\"\" charset=\"utf-8\"><\/script><\/p>\n<blockquote class=\"twitter-tweet\" data-lang=\"es\"><p>\nListo Se\u00f1ores ya me aburrieron&#8230;.<br \/>\n A descansar!!!<br \/>\n Que tengan un excelente mi\u00e9rcoles!!!<\/p>\n<p>\u2014 RAULGTZ.\u00ae (@Potropegaso21) <a href=\"https:\/\/twitter.com\/Potropegaso21\/status\/707449611783426049\">marzo 9, 2016<\/a>\n<\/p><\/blockquote>\n<p><script src=\"\/\/platform.twitter.com\/widgets.js\" async=\"\" charset=\"utf-8\"><\/script><\/p>\n<p>Al siguiente d\u00eda, <strong>Ra\u00fal el Potro Guti\u00e9rrez<\/strong> envi\u00f3 un mensaje de disculpa a toda la afici\u00f3n del Monterrey, pues no le pareci\u00f3 prudente generalizar a los aficionados de Rayados, con un selecto grupo de personas que se meti\u00f3 con \u00e9l tras el juego de Copa MX.<\/p>\n<p style=\"text-align: center;\"><span style=\"color: #3366ff;\"><strong><a style=\"color: #3366ff;\" href=\"http:\/\/futboltotal.com.mx\/2016\/03\/copa-mx-calificados-al-momento-2\/\" target=\"_blank\">LEER M\u00c1S: Primeros clasificados a cuartos de final de la Copa MX<\/a><\/strong><\/span><\/p>\n<blockquote class=\"twitter-tweet\" data-lang=\"es\">\n<p dir=\"ltr\" lang=\"es\">As\u00ed de simple&#8230; <a href=\"https:\/\/t.co\/kDrKAontAX\">pic.twitter.com\/kDrKAontAX<\/a><\/p>\n<p>\u2014 RAULGTZ.\u00ae (@Potropegaso21) <a href=\"https:\/\/twitter.com\/Potropegaso21\/status\/707581015510757377\">marzo 9, 2016<\/a><\/p><\/blockquote>\n<p><script src=\"\/\/platform.twitter.com\/widgets.js\" async=\"\" charset=\"utf-8\"><\/script><\/p>\n<p><strong><span style=\"color: #ff0000;\">VIDEO:\u00a0<\/span><\/strong><span style=\"color: #ff0000;\">Agenda de TV | Jornada 10 del Clausura 2016<\/span><\/p>\n<p>[video_player]https:\/\/player.vimeo.com\/external\/158202361.hd.mp4?s=139d3973bfda836b3a1fc471c10b29115141b2f5&amp;profile_id=113[\/video_player]<\/p>\n","protected":false},"excerpt":{"rendered":"<p>El Potro discuti\u00f3 con aficionados de Monterrey, en Twitter<\/p>\n","protected":false},"author":20,"featured_media":378924,"comment_status":"closed","ping_status":"closed","sticky":false,"template":"","format":"standard","meta":[],"categories":[5419,2198,3847],"tags":[285,142,5966,3336],"_links":{"self":[{"href":"http:\/\/desarrollo.grupomedios.com\/futbol\/wp-json\/wp\/v2\/posts\/378910"}],"collection":[{"href":"http:\/\/desarrollo.grupomedios.com\/futbol\/wp-json\/wp\/v2\/posts"}],"about":[{"href":"http:\/\/desarrollo.grupomedios.com\/futbol\/wp-json\/wp\/v2\/types\/post"}],"author":[{"embeddable":true,"href":"http:\/\/desarrollo.grupomedios.com\/futbol\/wp-json\/wp\/v2\/users\/20"}],"replies":[{"embeddable":true,"href":"http:\/\/desarrollo.grupomedios.com\/futbol\/wp-json\/wp\/v2\/comments?post=378910"}],"version-history":[{"count":0,"href":"http:\/\/desarrollo.grupomedios.com\/futbol\/wp-json\/wp\/v2\/posts\/378910\/revisions"}],"wp:featuredmedia":[{"embeddable":true,"href":"http:\/\/desarrollo.grupomedios.com\/futbol\/wp-json\/wp\/v2\/media\/378924"}],"wp:attachment":[{"href":"http:\/\/desarrollo.grupomedios.com\/futbol\/wp-json\/wp\/v2\/media?parent=378910"}],"wp:term":[{"taxonomy":"category","embeddable":true,"href":"http:\/\/desarrollo.grupomedios.com\/futbol\/wp-json\/wp\/v2\/categories?post=378910"},{"taxonomy":"post_tag","embeddable":true,"href":"http:\/\/desarrollo.grupomedios.com\/futbol\/wp-json\/wp\/v2\/tags?post=378910"}],"curies":[{"name":"wp","href":"https:\/\/api.w.org\/{rel}","templated":true}]}}