{"id":379276,"date":"2016-03-10T14:05:19","date_gmt":"2016-03-10T20:05:19","guid":{"rendered":"http:\/\/www.futboltotal.com.mx\/?p=379276"},"modified":"2016-03-10T16:04:03","modified_gmt":"2016-03-10T22:04:03","slug":"en-vivo-villarreal-vs-bayer-leverkusen-europa-league","status":"publish","type":"post","link":"http:\/\/desarrollo.grupomedios.com\/futbol\/futbol-internacional\/en-vivo-villarreal-vs-bayer-leverkusen-europa-league\/2016\/03","title":{"rendered":"AS\u00cd SE VIVI\u00d3 | Villarreal 2-0 Bayer Leverkusen"},"content":{"rendered":"<p><strong>95:00<\/strong> | Termina el partido.<\/p>\n<p><strong>94:00 | <\/strong>Jedvaj se gana con una mano la segunda amarilla. El joven de 20 a\u00f1os se pierde la vuelta.<\/p>\n<p><strong>92:00<\/strong> | Leno salva la eliminatoria. Excelente centro de Nahuel que Baptistao remata. Con las u\u00f1as la saca Leno para evitar el tercero del Villarreal.<\/p>\n<p><strong>85:00<\/strong> | Bayer Leverkusen asfixia al Villarreal pero sin tirar a gol.<\/p>\n<p><strong>81:00<\/strong> | Sale ovacionado el h\u00e9roe de la noche, Bakambu. En su lugar ingresa Adri\u00e1n L\u00f3pez.<\/p>\n<p><strong>78:00<\/strong> | Frey se anima al disparo de larga distancia. La redonda cae justo despu\u00e9s de superar el poste de Areola. Buen intento del Leverkusen.<\/p>\n<p><strong>77:00<\/strong> | Jedvaj llega a l\u00ednea de fondo pero corta Rukavina previo al remate de Brandt con la cabeza.<\/p>\n<p><strong>75:00<\/strong> | Mal control de Jedvaj. Se gana la amarilla por evitar el contragolpe del Submarino Amarillo.<\/p>\n<p><strong>72:00<\/strong> | V\u00edctor Ruiz cede para Areola con la cabeza y casi hace autogol.<\/p>\n<p><strong>71:00<\/strong> | Gran combinaci\u00f3n entre Kruse y Chicharito. Al final, el australiano tira duro y pasa zumbando el poste.<\/p>\n<p><strong>69:00<\/strong> | Centro muy potente de Bellarabi que saca Areola con los pu\u00f1os.<\/p>\n<p><strong>68:00<\/strong> | Brandt gambetea y gana espacio por el corredor izquierdo. Manda centro pero se queda sin destinatario.<\/p>\n<p><strong>62:00<\/strong> | Cambio del Leverkusen: sale Kramer e ingresa Frey.<\/p>\n<p><strong>60:00<\/strong>| Balonazo sobre Kramer al rostro! Rukavina despej\u00f3 y el centrocampista se desploma\u2026 no seguir\u00e1 en el terreno de juego.<\/p>\n<p><strong>58:00<\/strong> | Se salva el Leverkusen!! Nig\u00fan jugador del Villarreal logra rematar dentro del\u00a0 \u00e1rea un centro raso que meti\u00f3 Denis Su\u00e1rez.<\/p>\n<p><strong>56:00<\/strong> | Gran contragolpe del Submarino amarillo. Brandt pierde el esf\u00e9rico en mediocampo, el rebote le cae a Bakambu y este corre a campo abierto y define entre las piernas de Bernd Leno.<iframe loading=\"lazy\" src=\"https:\/\/vine.co\/v\/iHgi1j5tXaM\/embed\/simple\" frameborder=\"0\"><\/iframe><script src=\"https:\/\/platform.vine.co\/static\/scripts\/embed.js\"><\/script><\/p>\n<p><strong>55:00<\/strong> | Gooooooooooooooooooool del \u00a0Villarreal.<\/p>\n<p><strong>52:00<\/strong> | Hay una falta sobre Bakambu, quien intentaba desbordar por la banda derecha.<\/p>\n<p><strong>50:00<\/strong> | Calhanoglu mete un servicio al \u00e1rea, pero el toque es retrasado y Chicharito no logra rematar.<\/p>\n<p><strong>48:00<\/strong> | Chicharito es amonestado por el contacto con el guardameta.<\/p>\n<p><strong>48:00<\/strong> | Hay falta sobre Kiessling por\u00a0 el costado izquierdo. Cobra Calhanoglu\u2026. Chicharito intenta rematar y choca muy fuerte con el portero Areola.<\/p>\n<p><strong>45:00<\/strong> | Arranca el segundo tiempo!<\/p>\n<p><strong>45:00<\/strong> | Termina el primer tiempo.<\/p>\n<p><strong>42:00<\/strong> | Bellarabi manda centro venenoso. Pica antes la pelota pero Areola no suelta el bal\u00f3n.<\/p>\n<p><strong>40:00<\/strong> | Kiessling pelea con Bruno Soriano. Chocan sus cabezas y se enfrascan en una peque\u00f1a trifulca.<\/p>\n<p><strong>39:00<\/strong> | Samu Castillejo desborda y Soldado le da con el taquito. Atajad\u00f3n de Leno en su primer poste.<\/p>\n<p><strong>31:00<\/strong> | Centro de Calhanoglu que Chicharito recentra de inglesita. No encuentra rematador y el Villarreal despeja en el coraz\u00f3n del \u00e1rea.<\/p>\n<p><strong>30:00<\/strong> | Chicharito recibe falta de Samu Castillejos por la banda. Le perdonan la amarilla.<\/p>\n<p><strong>23:00<\/strong> | Jedvaj manda centro estupendo pero Chicharito no contacta con precisi\u00f3n a algunos de los costados. Va directo a las manos de Areola. Perdon\u00f3 Javier.<\/p>\n<p><strong>20:00 <\/strong>| Brandt manda centro desde el corredor izquierdo que no puede tocar Kieesling.<\/p>\n<p><strong>18:00<\/strong> | Tiro libre de Calhanoglu que no encuentra destinatario en el \u00e1rea. Se pas\u00f3 en la potencia de su cobro.<\/p>\n<p><strong>15:00<\/strong> | Villarreal se repliega en el campo. Leverkusen sigue sin tirar a gol.<\/p>\n<p><strong>13:00<\/strong> | Tah es amonestado por una dura falta sobre Soldado. El delantero espa\u00f1ol estaba de espaldas pero el joven de 19 a\u00f1os solt\u00f3 la patada y no le perdonaron.<\/p>\n<p><strong>09:30<\/strong> | Gran centro de Kramer. Kiessling y Areola chocan en la disputa del bal\u00f3n. Chicharito se pasa en la b\u00fasqueda del rebote.<\/p>\n<p><strong>08:00<\/strong> | Leverkusen gana terreno en el campo tras el gol. Espera reponerse pronto del mazazo.<\/p>\n<p><strong>04:00<\/strong> | Gran pase de espaldas de Soldado para Bakambu que entra solo y define a un lado de Leno. Cuarto gol del futbolista del Congo en la presente Europa League.<iframe loading=\"lazy\" src=\"https:\/\/vine.co\/v\/iH60dnu2iMB\/embed\/simple\" frameborder=\"0\"><\/iframe><script src=\"https:\/\/platform.vine.co\/static\/scripts\/embed.js\"><\/script><\/p>\n<p><strong>04:00<\/strong> | Gooooool de Villarreal.<\/p>\n<p><strong>02:00<\/strong> | Se pierde una clara el Villarreal. Soldado contacta p\u00e9simo y permite la reacci\u00f3n de Leno. En el rechace pifia de nuevo.<\/p>\n<p><strong>00:00<\/strong> | Arranca el partido.<\/p>\n<p><strong>00:00<\/strong> | Los mexicanos se saludan en el Madrigal.<\/p>\n<blockquote class=\"twitter-tweet\" data-lang=\"es\"><p>\n<a href=\"https:\/\/twitter.com\/hashtag\/VILvB04?src=hash\">#VILvB04<\/a> ???? \u00a1\u00a1\u00a1VIVA M\u00c9XICOOOOO ________ !!! Y ESO. ???? <a href=\"https:\/\/twitter.com\/jona2santos\">@jona2santos<\/a> <a href=\"https:\/\/twitter.com\/CH14_\">@CH14_<\/a> <a href=\"https:\/\/twitter.com\/FMF\">@FMF<\/a> <a href=\"https:\/\/twitter.com\/hashtag\/Endavant?src=hash\">#Endavant<\/a> <a href=\"https:\/\/twitter.com\/hashtag\/UEFAEuropaLeague?src=hash\">#UEFAEuropaLeague<\/a> <a href=\"https:\/\/twitter.com\/hashtag\/UEL?src=hash\">#UEL<\/a> <a href=\"https:\/\/t.co\/9kvOVF01Zy\">pic.twitter.com\/9kvOVF01Zy<\/a><\/p>\n<p>\u2014 Villarreal CF (@VillarrealCF) <a href=\"https:\/\/twitter.com\/VillarrealCF\/status\/708019484251049984\">10 de marzo de 2016<\/a>\n<\/p><\/blockquote>\n<p><script src=\"\/\/platform.twitter.com\/widgets.js\" async=\"\" charset=\"utf-8\"><\/script><\/p>\n<p><strong>00:00<\/strong> | La disposici\u00f3n t\u00e1ctica del Bayer Leverkusen.<\/p>\n<blockquote class=\"twitter-tweet\" data-lang=\"es\"><p>So beginnt die <a href=\"https:\/\/twitter.com\/hashtag\/Werkself?src=hash\">#Werkself<\/a> ihr 200. Europapokal-Spiel! <a href=\"https:\/\/twitter.com\/hashtag\/St%C3%A4rkeBayer?src=hash\">#St\u00e4rkeBayer<\/a> <a href=\"https:\/\/twitter.com\/hashtag\/VILB04?src=hash\">#VILB04<\/a> <a href=\"https:\/\/twitter.com\/hashtag\/UEL?src=hash\">#UEL<\/a> <a href=\"https:\/\/twitter.com\/EuropaLeague\">@EuropaLeague<\/a> <a href=\"https:\/\/t.co\/sQel6YBOkG\">pic.twitter.com\/sQel6YBOkG<\/a><\/p>\n<p>\u2014 Bayer 04 Leverkusen (@bayer04fussball) <a href=\"https:\/\/twitter.com\/bayer04fussball\/status\/708013186528763904\">10 de marzo de 2016<\/a><\/p><\/blockquote>\n<p><script src=\"\/\/platform.twitter.com\/widgets.js\" async=\"\" charset=\"utf-8\"><\/script><\/p>\n<p><span style=\"color: #ff0000;\"><strong>00:00<\/strong><\/span>\u00a0| Alineaci\u00f3n <strong>Bayer Leverkusen<\/strong>:\u00a0Leno, Jedvaj, Tah, Papadopoulos, Wendell, Kramer, Calhanoglu, Bellarabi, Brandt, <strong>Chicharito<\/strong> y Kiessling.<\/p>\n<p><span style=\"color: #ff0000;\"><strong>00:00<\/strong><\/span>\u00a0| Alineaci\u00f3n <strong>Villarreal<\/strong>: Ar\u00e9ola, Gaspar, Bailly, Ruiz, Rukavina, Castillejo, Bruno Soriano, Trigueros, Denis, Soldado y Bakambu.<\/p>\n<p><span style=\"color: #ff0000;\"><strong>00:00<\/strong><\/span> | Villarreal arrib\u00f3 al estadio.<\/p>\n<blockquote class=\"twitter-tweet\" data-lang=\"es\"><p>\nNuestro equipo ya est\u00e1 en El Madrigal, 70 minutos para que empiece el partido ante el <a href=\"https:\/\/twitter.com\/bayer04_es\">@bayer04_es<\/a>. <a href=\"https:\/\/twitter.com\/hashtag\/VillarrealTV?src=hash\">#VillarrealTV<\/a> <a href=\"https:\/\/t.co\/xvzXq7rmSk\">pic.twitter.com\/xvzXq7rmSk<\/a><\/p>\n<p>\u2014 Villarreal CF (@VillarrealCF) <a href=\"https:\/\/twitter.com\/VillarrealCF\/status\/708004105017552896\">10 de marzo de 2016<\/a>\n<\/p><\/blockquote>\n<p><script src=\"\/\/platform.twitter.com\/widgets.js\" async=\"\" charset=\"utf-8\"><\/script><\/p>\n<p><span style=\"color: #ff0000;\"><strong>00:00<\/strong><\/span> | Bayer Leverkusen as\u00ed se presenta en el inmueble.<\/p>\n<blockquote class=\"twitter-tweet\" data-lang=\"es\"><p>Tin <a href=\"https:\/\/twitter.com\/hashtag\/Jedvaj?src=hash\">#Jedvaj<\/a> und Co. machen sich auf den Weg zum Stadion! <a href=\"https:\/\/twitter.com\/hashtag\/VILB04?src=hash\">#VILB04<\/a> <a href=\"https:\/\/twitter.com\/EuropaLeague\">@EuropaLeague<\/a> <a href=\"https:\/\/t.co\/YhvKb3U18Z\">pic.twitter.com\/YhvKb3U18Z<\/a><\/p>\n<p>\u2014 Bayer 04 Leverkusen (@bayer04fussball) <a href=\"https:\/\/twitter.com\/bayer04fussball\/status\/707996667061145602\">10 de marzo de 2016<\/a><\/p><\/blockquote>\n<p><script src=\"\/\/platform.twitter.com\/widgets.js\" async=\"\" charset=\"utf-8\"><\/script><\/p>\n<p><span style=\"color: #ff0000;\"><strong>00:00<\/strong><\/span> | El Madrigal, listo para recibir un duelazo entre espa\u00f1oles y alemanes.<\/p>\n<blockquote class=\"twitter-tweet\" data-lang=\"es\"><p>\nMenos de dos horas para que comience el partido de <a href=\"https:\/\/twitter.com\/EuropaLeague\">@EuropaLeague<\/a> ante el <a href=\"https:\/\/twitter.com\/bayer04_es\">@bayer04_es<\/a>, ya est\u00e1 todo listo. <a href=\"https:\/\/twitter.com\/hashtag\/VILvB04?src=hash\">#VILvB04<\/a> <a href=\"https:\/\/t.co\/CyZfCOBtdy\">pic.twitter.com\/CyZfCOBtdy<\/a><\/p>\n<p>\u2014 Villarreal CF (@VillarrealCF) <a href=\"https:\/\/twitter.com\/VillarrealCF\/status\/707994002004516864\">10 de marzo de 2016<\/a>\n<\/p><\/blockquote>\n<p><script src=\"\/\/platform.twitter.com\/widgets.js\" async=\"\" charset=\"utf-8\"><\/script><\/p>\n<p>La <strong>Europa League<\/strong> est\u00e1 en la ronda de Octavos de Final y uno de los encuentros m\u00e1s atractivos para este jueves es el del <strong>Villarreal<\/strong>, donde milita el mexicano Jonathan dos Santos\u00a0-lesionado- contra el <strong>Bayer Leverkusen<\/strong>, del delantero Javier Hern\u00e1ndez.<\/p>\n<p>Aunque todo M\u00e9xico esperaba ver el choque de dos de sus seleccionados nacionales, no ser\u00e1 la ocasi\u00f3n ya que Dos Santos contin\u00faa como baja para el <em>Submarino Amarillo<\/em>, luego de la lesi\u00f3n en los isquiotibiales izquierdos la cual sufri\u00f3 el 18 de febrero en el partido de ida de los dieciseisavos de final frente al Napoli.<\/p>\n<p style=\"text-align: center;\"><span style=\"color: #3366ff;\"><strong><a style=\"color: #3366ff;\" href=\"http:\/\/www.futboltotal.com.mx\/2016\/03\/chicharito-a-la-caza-de-hugo-sanchez-en-europa-league\/\">LEER M\u00c1S: Chicharito a la caza de hugo<\/a><\/strong><\/span><\/p>\n<p>Por parte del <strong>Leverkusen<\/strong>, volver\u00e1n poco a poco sus estrellas. Los dos delanteros estelares, el alem\u00e1n Stefan Kiessling y el <strong>Chicharito<\/strong>, adem\u00e1s del t\u00e9cnico <em>germano<\/em> Roger Schmidt.<\/p>\n<p><em>CH7<\/em> no ha logarado marcar gol en la actual competici\u00f3n. En la serie de Ida de los dieciseisavos de final se perdi\u00f3 el primer partido y en el solo colabor\u00f3 con una asistencia. De anotar este d\u00eda, el mexicano seguir\u00e1 con la marca que presume como \u00fanico mexicano: haber marcado en todas las competiciones donde se planta con tres equipos distintos.<\/p>\n<p>Hoy arranca la serie entre <strong>Bayer Leverkusen<\/strong> y <strong>Villarreal<\/strong> con el partido en el Madrigal (14:05 TCM) y el duelo de vuelta ser\u00e1 el 17 de marzo en la vuelta que tendr\u00e1 lugar en el <em>BayArena<\/em>.<\/p>\n","protected":false},"excerpt":{"rendered":"<p>Chicharito reaparece en la Europa League para el duelo en el Madrigal<\/p>\n","protected":false},"author":20,"featured_media":379413,"comment_status":"closed","ping_status":"closed","sticky":false,"template":"","format":"standard","meta":[],"categories":[3857,3839],"tags":[4335,120,516,2607],"_links":{"self":[{"href":"http:\/\/desarrollo.grupomedios.com\/futbol\/wp-json\/wp\/v2\/posts\/379276"}],"collection":[{"href":"http:\/\/desarrollo.grupomedios.com\/futbol\/wp-json\/wp\/v2\/posts"}],"about":[{"href":"http:\/\/desarrollo.grupomedios.com\/futbol\/wp-json\/wp\/v2\/types\/post"}],"author":[{"embeddable":true,"href":"http:\/\/desarrollo.grupomedios.com\/futbol\/wp-json\/wp\/v2\/users\/20"}],"replies":[{"embeddable":true,"href":"http:\/\/desarrollo.grupomedios.com\/futbol\/wp-json\/wp\/v2\/comments?post=379276"}],"version-history":[{"count":0,"href":"http:\/\/desarrollo.grupomedios.com\/futbol\/wp-json\/wp\/v2\/posts\/379276\/revisions"}],"wp:featuredmedia":[{"embeddable":true,"href":"http:\/\/desarrollo.grupomedios.com\/futbol\/wp-json\/wp\/v2\/media\/379413"}],"wp:attachment":[{"href":"http:\/\/desarrollo.grupomedios.com\/futbol\/wp-json\/wp\/v2\/media?parent=379276"}],"wp:term":[{"taxonomy":"category","embeddable":true,"href":"http:\/\/desarrollo.grupomedios.com\/futbol\/wp-json\/wp\/v2\/categories?post=379276"},{"taxonomy":"post_tag","embeddable":true,"href":"http:\/\/desarrollo.grupomedios.com\/futbol\/wp-json\/wp\/v2\/tags?post=379276"}],"curies":[{"name":"wp","href":"https:\/\/api.w.org\/{rel}","templated":true}]}}