{"id":379314,"date":"2016-03-10T10:48:02","date_gmt":"2016-03-10T16:48:02","guid":{"rendered":"http:\/\/www.futboltotal.com.mx\/?p=379314"},"modified":"2016-03-10T16:38:40","modified_gmt":"2016-03-10T22:38:40","slug":"real-madrid-busca-refuerzo-en-el-leverkusen","status":"publish","type":"post","link":"http:\/\/desarrollo.grupomedios.com\/futbol\/futbol-internacional\/real-madrid-busca-refuerzo-en-el-leverkusen\/2016\/03","title":{"rendered":"Real Madrid busca refuerzo en el Leverkusen"},"content":{"rendered":"<p>Conseguir un recambio para el lateral izquierdo<strong> Marcelo<\/strong> es una de las asignaturas pendientes del <strong>Real Madrid <\/strong>para la pr\u00f3xima temporada. Y una de las opciones que han sido colocadas en la agenda del club es el brasile\u00f1o Wendell Nascimiento Borges, titular indiscutible con el <strong>Bayer Leverkusen<\/strong>.<\/p>\n<p>En la plantilla del <strong>Real Madrid <\/strong>todos los jugadores tienen recambio natural a excepci\u00f3n de Marcelo, cuya demarcaci\u00f3n queda a disposici\u00f3n de Carvajal, Danilo o Nacho, cada vez que se lesiona.<\/p>\n<p style=\"text-align: center;\"><span style=\"color: #3366ff;\"><strong><a style=\"color: #3366ff;\" href=\"http:\/\/www.futboltotal.com.mx\/futbol-internacional\/\">LEER M\u00c1S: Todas las noticias de futbol internacional<\/a><\/strong><\/span><\/p>\n<p>Marcelo es uno de los mejores laterales del globo por la banda izquierda y su mayor virtud es la vocaci\u00f3n ofensiva, por ello el cuerpo t\u00e9cnico del club busca un recambio con rasgos similares y Wendel, de 22 a\u00f1os, gana bonos por su buen rendimiento -en 37 partidos de la actual campa\u00f1a acumula 3 asistencias-, fortaleza f\u00edsica, solidez defensiva y v\u00e9rtigo al ataque.<\/p>\n<p>La llegada de Wendell obligar\u00eda al Real Madrid a realizar previamente ajustes en la plantilla, toda vez que tiene cubierta la plaza de extracomunitarios con Casemiro, James y Danilo y tiene pendiente definir si respescara al centrocampista Lucas Silva, cecido la pasada campa\u00f1a al Bayer Leverkusen. En este tenor, la prensa espa\u00f1ola apunta que el colombiano James puede nacionalizarse al termino de la presente campa\u00f1a -ya cumple dos a\u00f1os tras llegar al club en 2014- y solo restar\u00eda definir la situaci\u00f3n de Silva.<\/p>\n<p>A Wendell lo intent\u00f3 fichar el PSG el pasado verano y el Leverkusen rechaz\u00f3 una oferta de 20 millones de euros. Actualmente, el brasile\u00f1o tiene contrato hasta 2019 y para vestirlo de blanco el Real Madrid tendr\u00eda que pagar una cifra cercana a los 35 mde.<\/p>\n","protected":false},"excerpt":{"rendered":"<p>El conjunto merengue tiene en la mira al recambio natural de Marcelo<\/p>\n","protected":false},"author":20,"featured_media":379325,"comment_status":"closed","ping_status":"closed","sticky":false,"template":"","format":"standard","meta":[],"categories":[3839,5951],"tags":[5988],"_links":{"self":[{"href":"http:\/\/desarrollo.grupomedios.com\/futbol\/wp-json\/wp\/v2\/posts\/379314"}],"collection":[{"href":"http:\/\/desarrollo.grupomedios.com\/futbol\/wp-json\/wp\/v2\/posts"}],"about":[{"href":"http:\/\/desarrollo.grupomedios.com\/futbol\/wp-json\/wp\/v2\/types\/post"}],"author":[{"embeddable":true,"href":"http:\/\/desarrollo.grupomedios.com\/futbol\/wp-json\/wp\/v2\/users\/20"}],"replies":[{"embeddable":true,"href":"http:\/\/desarrollo.grupomedios.com\/futbol\/wp-json\/wp\/v2\/comments?post=379314"}],"version-history":[{"count":0,"href":"http:\/\/desarrollo.grupomedios.com\/futbol\/wp-json\/wp\/v2\/posts\/379314\/revisions"}],"wp:featuredmedia":[{"embeddable":true,"href":"http:\/\/desarrollo.grupomedios.com\/futbol\/wp-json\/wp\/v2\/media\/379325"}],"wp:attachment":[{"href":"http:\/\/desarrollo.grupomedios.com\/futbol\/wp-json\/wp\/v2\/media?parent=379314"}],"wp:term":[{"taxonomy":"category","embeddable":true,"href":"http:\/\/desarrollo.grupomedios.com\/futbol\/wp-json\/wp\/v2\/categories?post=379314"},{"taxonomy":"post_tag","embeddable":true,"href":"http:\/\/desarrollo.grupomedios.com\/futbol\/wp-json\/wp\/v2\/tags?post=379314"}],"curies":[{"name":"wp","href":"https:\/\/api.w.org\/{rel}","templated":true}]}}