{"id":379329,"date":"2016-03-10T11:40:26","date_gmt":"2016-03-10T17:40:26","guid":{"rendered":"http:\/\/www.futboltotal.com.mx\/?p=379329"},"modified":"2016-03-10T11:41:44","modified_gmt":"2016-03-10T17:41:44","slug":"kun-aguero-dejara-el-city-y-volvera-a-argentina","status":"publish","type":"post","link":"http:\/\/desarrollo.grupomedios.com\/futbol\/futbol-internacional\/kun-aguero-dejara-el-city-y-volvera-a-argentina\/2016\/03","title":{"rendered":"Kun Ag\u00fcero dejar\u00e1 el City y volver\u00e1 a Argentina"},"content":{"rendered":"<p>Al delantero argentino<strong> Sergio <em>Kun<\/em> Ag\u00fcero<\/strong> aun le quedan tres a\u00f1os de contrato con el Manchester City, sin embargo desde ahora ha revelado el club en el que le gustar\u00eda vivir sus \u00faltimos d\u00edas como profesional tras dejar la Premier League.<\/p>\n<p>Si los planes no fallan, el <strong><em>Kun<\/em><\/strong> regresar\u00e1 a su natal Argentina tras m\u00e1s de una d\u00e9cada por Europa en la que se consagr\u00f3 como <em>romperredes<\/em> del Atl\u00e9tico de Madrid y Manchester City -en ambos ha superado la centena de dianas- para enfundarse la camiseta de Independiente de Avellaneda, club en el que se forj\u00f3 y debut\u00f3 profesionalmente un 5 de julio de 2003.<\/p>\n<p style=\"text-align: center;\"><span style=\"color: #3366ff;\"><strong><a style=\"color: #3366ff;\" href=\"http:\/\/www.futboltotal.com.mx\/2016\/02\/guardiola-proximo-dt-del-manchester-city\/\">LEER M\u00c1S: Kun, el Messi de Pep para el City<\/a><\/strong><\/span><\/p>\n<p>&#8220;Cuando termine mi contrato con el Manchester City no me lo pensar\u00e9 y me ir\u00e9 para Independiente. Lo sabe mi familia y tengo el sue\u00f1o de jugar con mis hermanos. Est\u00e1 claro que voy a retirarme en Argentina&#8221;, expuso el mundialista en ua entrevista para el programa de radio argentino, <em>Independiente en La Uno.<\/em><\/p>\n<p><strong>Ag\u00fcero<\/strong> no ser\u00e1 el \u00fanico jugador argentino que regrese al club a vivir el ocaso de su carrera con el <em>Rey de Copas: <\/em>&#8220;Hay varios m\u00e1s pero no los voy a quemar&#8221;.<\/p>\n<p style=\"text-align: center;\"><span style=\"color: #3366ff;\"><strong><a style=\"color: #3366ff;\" href=\"http:\/\/www.futboltotal.com.mx\/futbol-internacional\/\">LEER M\u00c1S: Todas las noticias de futbol internacional<\/a><\/strong><\/span><\/p>\n<p>&nbsp;<\/p>\n<p>&nbsp;<\/p>\n","protected":false},"excerpt":{"rendered":"<p>El delantero argentino revela cu\u00e1ndo le pondr\u00e1 fin a su carrera por Europa<\/p>\n","protected":false},"author":20,"featured_media":379338,"comment_status":"closed","ping_status":"closed","sticky":false,"template":"","format":"standard","meta":[],"categories":[3839,3846,5951],"tags":[5993,5992],"_links":{"self":[{"href":"http:\/\/desarrollo.grupomedios.com\/futbol\/wp-json\/wp\/v2\/posts\/379329"}],"collection":[{"href":"http:\/\/desarrollo.grupomedios.com\/futbol\/wp-json\/wp\/v2\/posts"}],"about":[{"href":"http:\/\/desarrollo.grupomedios.com\/futbol\/wp-json\/wp\/v2\/types\/post"}],"author":[{"embeddable":true,"href":"http:\/\/desarrollo.grupomedios.com\/futbol\/wp-json\/wp\/v2\/users\/20"}],"replies":[{"embeddable":true,"href":"http:\/\/desarrollo.grupomedios.com\/futbol\/wp-json\/wp\/v2\/comments?post=379329"}],"version-history":[{"count":0,"href":"http:\/\/desarrollo.grupomedios.com\/futbol\/wp-json\/wp\/v2\/posts\/379329\/revisions"}],"wp:featuredmedia":[{"embeddable":true,"href":"http:\/\/desarrollo.grupomedios.com\/futbol\/wp-json\/wp\/v2\/media\/379338"}],"wp:attachment":[{"href":"http:\/\/desarrollo.grupomedios.com\/futbol\/wp-json\/wp\/v2\/media?parent=379329"}],"wp:term":[{"taxonomy":"category","embeddable":true,"href":"http:\/\/desarrollo.grupomedios.com\/futbol\/wp-json\/wp\/v2\/categories?post=379329"},{"taxonomy":"post_tag","embeddable":true,"href":"http:\/\/desarrollo.grupomedios.com\/futbol\/wp-json\/wp\/v2\/tags?post=379329"}],"curies":[{"name":"wp","href":"https:\/\/api.w.org\/{rel}","templated":true}]}}